{"id":19758,"date":"2019-05-09T14:36:02","date_gmt":"2019-05-09T14:36:02","guid":{"rendered":"https:\/\/sertv.gob.pa\/crisolfm\/?p=19758"},"modified":"2019-05-09T14:36:02","modified_gmt":"2019-05-09T14:36:02","slug":"el-museo-del-prado-restaura-y-homenajea-a-fra-angelico-y-su-anunciacion","status":"publish","type":"post","link":"https:\/\/sertv.gob.pa\/crisolfm\/el-museo-del-prado-restaura-y-homenajea-a-fra-angelico-y-su-anunciacion\/","title":{"rendered":"El Museo del Prado restaura y homenajea a Fra Angelico y su &#8216;Anunciaci\u00f3n&#8217;"},"content":{"rendered":"<p>El madrile\u00f1o Museo del Prado, que celebra este a\u00f1o su bicentenario, present\u00f3 el mi\u00e9rcoles su restauraci\u00f3n del retablo de \u00abLa Anunciaci\u00f3n\u00bb, del maestro del Renacimiento italiano Fra Angelico, al que consagrar\u00e1 una exposici\u00f3n. Los restauradores trabajaron durante m\u00e1s de un a\u00f1o para realzar los colores y la luz de la obra, la m\u00e1s conocida del pintor y religioso florentino del siglo XV.<\/p>\n<p>El retablo representa la Anunciaci\u00f3n del arc\u00e1ngel Gabriel a la Virgen Mar\u00eda, con las figuras, a un lado, de Ad\u00e1n y Eva expulsados del Para\u00edso. Pintado en la d\u00e9cada 1420-1430, el restablo restaurado impresiona por el dorado de las alas del arc\u00e1ngel y el haz luminoso que cruza la obra, as\u00ed como el poderoso azul lapisl\u00e1zuli del manto de Mar\u00eda.<\/p>\n<p>\u00abSe ha recuperado esa intensa luz blanca que envuelve toda la composici\u00f3n, se han recuperado los brillantes y transparentes colores de Fra Angelico\u00bb, explic\u00f3 a AFP la restauradora de la obra, Almudena S\u00e1nchez.<\/p>\n<p>AFP<\/p>\n","protected":false},"excerpt":{"rendered":"<p>El madrile\u00f1o Museo del Prado, que celebra este a\u00f1o su <a href=\"https:\/\/sertv.gob.pa\/crisolfm\/el-museo-del-prado-restaura-y-homenajea-a-fra-angelico-y-su-anunciacion\/\"> [&#8230;]<\/a><\/p>\n","protected":false},"author":64,"featured_media":19759,"comment_status":"closed","ping_status":"closed","sticky":false,"template":"","format":"standard","meta":{"footnotes":""},"categories":[6],"tags":[],"class_list":["post-19758","post","type-post","status-publish","format-standard","has-post-thumbnail","hentry","category-culturales"],"_links":{"self":[{"href":"https:\/\/sertv.gob.pa\/crisolfm\/wp-json\/wp\/v2\/posts\/19758","targetHints":{"allow":["GET"]}}],"collection":[{"href":"https:\/\/sertv.gob.pa\/crisolfm\/wp-json\/wp\/v2\/posts"}],"about":[{"href":"https:\/\/sertv.gob.pa\/crisolfm\/wp-json\/wp\/v2\/types\/post"}],"author":[{"embeddable":true,"href":"https:\/\/sertv.gob.pa\/crisolfm\/wp-json\/wp\/v2\/users\/64"}],"replies":[{"embeddable":true,"href":"https:\/\/sertv.gob.pa\/crisolfm\/wp-json\/wp\/v2\/comments?post=19758"}],"version-history":[{"count":1,"href":"https:\/\/sertv.gob.pa\/crisolfm\/wp-json\/wp\/v2\/posts\/19758\/revisions"}],"predecessor-version":[{"id":19760,"href":"https:\/\/sertv.gob.pa\/crisolfm\/wp-json\/wp\/v2\/posts\/19758\/revisions\/19760"}],"wp:featuredmedia":[{"embeddable":true,"href":"https:\/\/sertv.gob.pa\/crisolfm\/wp-json\/wp\/v2\/media\/19759"}],"wp:attachment":[{"href":"https:\/\/sertv.gob.pa\/crisolfm\/wp-json\/wp\/v2\/media?parent=19758"}],"wp:term":[{"taxonomy":"category","embeddable":true,"href":"https:\/\/sertv.gob.pa\/crisolfm\/wp-json\/wp\/v2\/categories?post=19758"},{"taxonomy":"post_tag","embeddable":true,"href":"https:\/\/sertv.gob.pa\/crisolfm\/wp-json\/wp\/v2\/tags?post=19758"}],"curies":[{"name":"wp","href":"https:\/\/api.w.org\/{rel}","templated":true}]}}