{"id":19765,"date":"2019-05-09T14:48:35","date_gmt":"2019-05-09T14:48:35","guid":{"rendered":"https:\/\/sertv.gob.pa\/crisolfm\/?p=19765"},"modified":"2019-05-09T14:48:35","modified_gmt":"2019-05-09T14:48:35","slug":"espana-reduce-sus-emisiones-de-co2","status":"publish","type":"post","link":"https:\/\/sertv.gob.pa\/crisolfm\/espana-reduce-sus-emisiones-de-co2\/","title":{"rendered":"Espa\u00f1a reduce sus emisiones de CO2"},"content":{"rendered":"<p>Espa\u00f1a redujo un 3,2 por ciento sus <strong>emisiones de di\u00f3xido de carbono (CO2)<\/strong> en 2018 en comparaci\u00f3n con el a\u00f1o anterior, el d\u00e9cimo recorte m\u00e1s alto entre los pa\u00edses de la Uni\u00f3n Europea y siete d\u00e9cimas superior a la disminuci\u00f3n registrada en el conjunto del bloque comunitario, que fue del 2,5 por ciento, seg\u00fan los datos publicados este mi\u00e9rcoles por Eurostat.<\/p>\n<p>De esta forma, Espa\u00f1a aglutin\u00f3 el a\u00f1o pasado el 7,7 por ciento de todas <em>las emisiones de CO2 de la UE<\/em>, la sexta mayor proporci\u00f3n despu\u00e9s de Alemania (22,5%), Reino Unido (11,4%), Polonia (10,3%) e Italia y Francia (10%).<\/p>\n<p>ECOticias<\/p>\n","protected":false},"excerpt":{"rendered":"<p>Espa\u00f1a redujo un 3,2 por ciento sus emisiones de di\u00f3xido <a href=\"https:\/\/sertv.gob.pa\/crisolfm\/espana-reduce-sus-emisiones-de-co2\/\"> [&#8230;]<\/a><\/p>\n","protected":false},"author":64,"featured_media":19766,"comment_status":"closed","ping_status":"closed","sticky":false,"template":"","format":"standard","meta":{"footnotes":""},"categories":[7],"tags":[],"class_list":["post-19765","post","type-post","status-publish","format-standard","has-post-thumbnail","hentry","category-ecologicas"],"_links":{"self":[{"href":"https:\/\/sertv.gob.pa\/crisolfm\/wp-json\/wp\/v2\/posts\/19765","targetHints":{"allow":["GET"]}}],"collection":[{"href":"https:\/\/sertv.gob.pa\/crisolfm\/wp-json\/wp\/v2\/posts"}],"about":[{"href":"https:\/\/sertv.gob.pa\/crisolfm\/wp-json\/wp\/v2\/types\/post"}],"author":[{"embeddable":true,"href":"https:\/\/sertv.gob.pa\/crisolfm\/wp-json\/wp\/v2\/users\/64"}],"replies":[{"embeddable":true,"href":"https:\/\/sertv.gob.pa\/crisolfm\/wp-json\/wp\/v2\/comments?post=19765"}],"version-history":[{"count":1,"href":"https:\/\/sertv.gob.pa\/crisolfm\/wp-json\/wp\/v2\/posts\/19765\/revisions"}],"predecessor-version":[{"id":19767,"href":"https:\/\/sertv.gob.pa\/crisolfm\/wp-json\/wp\/v2\/posts\/19765\/revisions\/19767"}],"wp:featuredmedia":[{"embeddable":true,"href":"https:\/\/sertv.gob.pa\/crisolfm\/wp-json\/wp\/v2\/media\/19766"}],"wp:attachment":[{"href":"https:\/\/sertv.gob.pa\/crisolfm\/wp-json\/wp\/v2\/media?parent=19765"}],"wp:term":[{"taxonomy":"category","embeddable":true,"href":"https:\/\/sertv.gob.pa\/crisolfm\/wp-json\/wp\/v2\/categories?post=19765"},{"taxonomy":"post_tag","embeddable":true,"href":"https:\/\/sertv.gob.pa\/crisolfm\/wp-json\/wp\/v2\/tags?post=19765"}],"curies":[{"name":"wp","href":"https:\/\/api.w.org\/{rel}","templated":true}]}}