{"id":19771,"date":"2019-05-09T18:53:56","date_gmt":"2019-05-09T18:53:56","guid":{"rendered":"https:\/\/sertv.gob.pa\/crisolfm\/?p=19771"},"modified":"2019-05-09T18:53:56","modified_gmt":"2019-05-09T18:53:56","slug":"emiten-aviso-de-prevencion-por-condiciones-maritimas-adversas","status":"publish","type":"post","link":"https:\/\/sertv.gob.pa\/crisolfm\/emiten-aviso-de-prevencion-por-condiciones-maritimas-adversas\/","title":{"rendered":"Emiten aviso de prevenci\u00f3n por condiciones mar\u00edtimas adversas"},"content":{"rendered":"<p>El Centro de Operaciones de Emergencia del Sistema Nacional de Protecci\u00f3n Civil emiti\u00f3 un aviso de prevenci\u00f3n por condiciones mar\u00edtimas adversas, mar de fondo, oleajes y aguajes hasta el 15 de mayo, seg\u00fan datos suministrados por la Direcci\u00f3n de Hidrometeorolog\u00eda de ETESA.<\/p>\n<p>\u201cEl COE mantendr\u00e1 vigilancia y monitoreo permanente ante la alta probabilidad de ocurrencia\u00a0de fuertes oleajes en las costas paname\u00f1as. \u00c1reas bajo advertencia de Chiriqu\u00ed a la Pen\u00ednsula de Azuero (Golfo de Chiriqu\u00ed, Golfo de Montijo y playa Venado de Los Santos hasta Panam\u00e1 (Archipi\u00e9lago de Las Perlas, Golfo y Bah\u00eda de Panam\u00e1) y Dari\u00e9n.\u201d, detalla la nota.<\/p>\n<p>Se esperan olas frecuentes con alturas de 1.0 a 3.0 metros en periodos de 11 a 16 segundos, posibilidad de inundaciones costera, con mayor intensidad del 10 al 14\u00a0de mayo de\u00a02019.<\/p>\n<p>&nbsp;<\/p>\n<p>&nbsp;<\/p>\n<p>&nbsp;<\/p>\n","protected":false},"excerpt":{"rendered":"<p>El Centro de Operaciones de Emergencia del Sistema Nacional de <a href=\"https:\/\/sertv.gob.pa\/crisolfm\/emiten-aviso-de-prevencion-por-condiciones-maritimas-adversas\/\"> [&#8230;]<\/a><\/p>\n","protected":false},"author":64,"featured_media":19772,"comment_status":"closed","ping_status":"closed","sticky":false,"template":"","format":"standard","meta":{"footnotes":""},"categories":[7],"tags":[],"class_list":["post-19771","post","type-post","status-publish","format-standard","has-post-thumbnail","hentry","category-ecologicas"],"_links":{"self":[{"href":"https:\/\/sertv.gob.pa\/crisolfm\/wp-json\/wp\/v2\/posts\/19771","targetHints":{"allow":["GET"]}}],"collection":[{"href":"https:\/\/sertv.gob.pa\/crisolfm\/wp-json\/wp\/v2\/posts"}],"about":[{"href":"https:\/\/sertv.gob.pa\/crisolfm\/wp-json\/wp\/v2\/types\/post"}],"author":[{"embeddable":true,"href":"https:\/\/sertv.gob.pa\/crisolfm\/wp-json\/wp\/v2\/users\/64"}],"replies":[{"embeddable":true,"href":"https:\/\/sertv.gob.pa\/crisolfm\/wp-json\/wp\/v2\/comments?post=19771"}],"version-history":[{"count":1,"href":"https:\/\/sertv.gob.pa\/crisolfm\/wp-json\/wp\/v2\/posts\/19771\/revisions"}],"predecessor-version":[{"id":19773,"href":"https:\/\/sertv.gob.pa\/crisolfm\/wp-json\/wp\/v2\/posts\/19771\/revisions\/19773"}],"wp:featuredmedia":[{"embeddable":true,"href":"https:\/\/sertv.gob.pa\/crisolfm\/wp-json\/wp\/v2\/media\/19772"}],"wp:attachment":[{"href":"https:\/\/sertv.gob.pa\/crisolfm\/wp-json\/wp\/v2\/media?parent=19771"}],"wp:term":[{"taxonomy":"category","embeddable":true,"href":"https:\/\/sertv.gob.pa\/crisolfm\/wp-json\/wp\/v2\/categories?post=19771"},{"taxonomy":"post_tag","embeddable":true,"href":"https:\/\/sertv.gob.pa\/crisolfm\/wp-json\/wp\/v2\/tags?post=19771"}],"curies":[{"name":"wp","href":"https:\/\/api.w.org\/{rel}","templated":true}]}}