{"id":19777,"date":"2019-05-10T13:54:35","date_gmt":"2019-05-10T13:54:35","guid":{"rendered":"https:\/\/sertv.gob.pa\/crisolfm\/?p=19777"},"modified":"2019-05-10T13:54:35","modified_gmt":"2019-05-10T13:54:35","slug":"por-sequia-se-pierden-cultivos-de-subsistencia-en-azuero","status":"publish","type":"post","link":"https:\/\/sertv.gob.pa\/crisolfm\/por-sequia-se-pierden-cultivos-de-subsistencia-en-azuero\/","title":{"rendered":"Por sequ\u00eda se pierden cultivos de subsistencia en Azuero"},"content":{"rendered":"<p>Gran cantidad de semillas de arroz y ma\u00edz se han secado y otras no se han podido sembrar en el periodo de primera coa, en la regi\u00f3n de Azuero, debido a la falta de lluvias. Se trata de dos de los cultivos de subsistencia m\u00e1s importantes de la regi\u00f3n, que para esta \u00e9poca se siembran en las zonas rurales de las provincias de Herrera y Los Santos, para el sustento de las familias.<\/p>\n<p>Florentino Castro, uno de los productores afectados, explic\u00f3 que sembr\u00f3 arroz en seco con la esperanza que para esta \u00e9poca ya estuviera germinado, pero como no ha ca\u00eddo el agua no germin\u00f3. Otros productores pasan por la misma situaci\u00f3n, por lo que habr\u00e1 este periodo agr\u00edcola 2019-2020, una sola coa y una sola cosecha de la siembra de este a\u00f1o.<\/p>\n<p>&nbsp;<\/p>\n<p>&nbsp;<\/p>\n","protected":false},"excerpt":{"rendered":"<p>Gran cantidad de semillas de arroz y ma\u00edz se han <a href=\"https:\/\/sertv.gob.pa\/crisolfm\/por-sequia-se-pierden-cultivos-de-subsistencia-en-azuero\/\"> [&#8230;]<\/a><\/p>\n","protected":false},"author":64,"featured_media":19778,"comment_status":"closed","ping_status":"closed","sticky":false,"template":"","format":"standard","meta":{"footnotes":""},"categories":[7],"tags":[],"class_list":["post-19777","post","type-post","status-publish","format-standard","has-post-thumbnail","hentry","category-ecologicas"],"_links":{"self":[{"href":"https:\/\/sertv.gob.pa\/crisolfm\/wp-json\/wp\/v2\/posts\/19777","targetHints":{"allow":["GET"]}}],"collection":[{"href":"https:\/\/sertv.gob.pa\/crisolfm\/wp-json\/wp\/v2\/posts"}],"about":[{"href":"https:\/\/sertv.gob.pa\/crisolfm\/wp-json\/wp\/v2\/types\/post"}],"author":[{"embeddable":true,"href":"https:\/\/sertv.gob.pa\/crisolfm\/wp-json\/wp\/v2\/users\/64"}],"replies":[{"embeddable":true,"href":"https:\/\/sertv.gob.pa\/crisolfm\/wp-json\/wp\/v2\/comments?post=19777"}],"version-history":[{"count":1,"href":"https:\/\/sertv.gob.pa\/crisolfm\/wp-json\/wp\/v2\/posts\/19777\/revisions"}],"predecessor-version":[{"id":19779,"href":"https:\/\/sertv.gob.pa\/crisolfm\/wp-json\/wp\/v2\/posts\/19777\/revisions\/19779"}],"wp:featuredmedia":[{"embeddable":true,"href":"https:\/\/sertv.gob.pa\/crisolfm\/wp-json\/wp\/v2\/media\/19778"}],"wp:attachment":[{"href":"https:\/\/sertv.gob.pa\/crisolfm\/wp-json\/wp\/v2\/media?parent=19777"}],"wp:term":[{"taxonomy":"category","embeddable":true,"href":"https:\/\/sertv.gob.pa\/crisolfm\/wp-json\/wp\/v2\/categories?post=19777"},{"taxonomy":"post_tag","embeddable":true,"href":"https:\/\/sertv.gob.pa\/crisolfm\/wp-json\/wp\/v2\/tags?post=19777"}],"curies":[{"name":"wp","href":"https:\/\/api.w.org\/{rel}","templated":true}]}}