{"id":19789,"date":"2019-05-10T14:25:48","date_gmt":"2019-05-10T14:25:48","guid":{"rendered":"https:\/\/sertv.gob.pa\/crisolfm\/?p=19789"},"modified":"2019-05-10T14:25:48","modified_gmt":"2019-05-10T14:25:48","slug":"jornada-alusiva-a-las-matematicas-en-el-biomuseo","status":"publish","type":"post","link":"https:\/\/sertv.gob.pa\/crisolfm\/jornada-alusiva-a-las-matematicas-en-el-biomuseo\/","title":{"rendered":"Jornada alusiva a las matem\u00e1ticas en el Biomuseo"},"content":{"rendered":"<p>El Biomuseo realizar\u00e1 una jornada de actividades en conmemoraci\u00f3n del D\u00eda Internacional de las Mujeres en las Matem\u00e1ticas. Como invitadas estar\u00e1n las doctoras Manuela Foster Vega, Jeanette Shakalli y Fany Gonz\u00e1lez Barrios.<\/p>\n<p>La cita es este domingo en las instalaciones del museo. El evento comienza a partir de las 9:00 de la ma\u00f1ana. La entrada es abierta a todo p\u00fablico.<\/p>\n<p>&nbsp;<\/p>\n<p>&nbsp;<\/p>\n","protected":false},"excerpt":{"rendered":"<p>El Biomuseo realizar\u00e1 una jornada de actividades en conmemoraci\u00f3n del <a href=\"https:\/\/sertv.gob.pa\/crisolfm\/jornada-alusiva-a-las-matematicas-en-el-biomuseo\/\"> [&#8230;]<\/a><\/p>\n","protected":false},"author":64,"featured_media":19790,"comment_status":"closed","ping_status":"closed","sticky":false,"template":"","format":"standard","meta":{"footnotes":""},"categories":[6],"tags":[],"class_list":["post-19789","post","type-post","status-publish","format-standard","has-post-thumbnail","hentry","category-culturales"],"_links":{"self":[{"href":"https:\/\/sertv.gob.pa\/crisolfm\/wp-json\/wp\/v2\/posts\/19789","targetHints":{"allow":["GET"]}}],"collection":[{"href":"https:\/\/sertv.gob.pa\/crisolfm\/wp-json\/wp\/v2\/posts"}],"about":[{"href":"https:\/\/sertv.gob.pa\/crisolfm\/wp-json\/wp\/v2\/types\/post"}],"author":[{"embeddable":true,"href":"https:\/\/sertv.gob.pa\/crisolfm\/wp-json\/wp\/v2\/users\/64"}],"replies":[{"embeddable":true,"href":"https:\/\/sertv.gob.pa\/crisolfm\/wp-json\/wp\/v2\/comments?post=19789"}],"version-history":[{"count":1,"href":"https:\/\/sertv.gob.pa\/crisolfm\/wp-json\/wp\/v2\/posts\/19789\/revisions"}],"predecessor-version":[{"id":19791,"href":"https:\/\/sertv.gob.pa\/crisolfm\/wp-json\/wp\/v2\/posts\/19789\/revisions\/19791"}],"wp:featuredmedia":[{"embeddable":true,"href":"https:\/\/sertv.gob.pa\/crisolfm\/wp-json\/wp\/v2\/media\/19790"}],"wp:attachment":[{"href":"https:\/\/sertv.gob.pa\/crisolfm\/wp-json\/wp\/v2\/media?parent=19789"}],"wp:term":[{"taxonomy":"category","embeddable":true,"href":"https:\/\/sertv.gob.pa\/crisolfm\/wp-json\/wp\/v2\/categories?post=19789"},{"taxonomy":"post_tag","embeddable":true,"href":"https:\/\/sertv.gob.pa\/crisolfm\/wp-json\/wp\/v2\/tags?post=19789"}],"curies":[{"name":"wp","href":"https:\/\/api.w.org\/{rel}","templated":true}]}}