{"id":19795,"date":"2019-05-10T14:33:42","date_gmt":"2019-05-10T14:33:42","guid":{"rendered":"https:\/\/sertv.gob.pa\/crisolfm\/?p=19795"},"modified":"2019-05-10T14:33:42","modified_gmt":"2019-05-10T14:33:42","slug":"inac-abre-convocatorias-de-becas-para-jovenes-musicos","status":"publish","type":"post","link":"https:\/\/sertv.gob.pa\/crisolfm\/inac-abre-convocatorias-de-becas-para-jovenes-musicos\/","title":{"rendered":"INAC abre convocatorias de becas para j\u00f3venes m\u00fasicos"},"content":{"rendered":"<p>El Instituto Nacional de Cultura (INAC) abre las convocatorias para el concurso de becas para estudiar en la Academia Nacional de Santa Cecilia, en Roma. Esta oportunidad internacional es dirigida para todos los j\u00f3venes m\u00fasicos a nivel nacional.<\/p>\n<p>La selecci\u00f3n tendr\u00e1 lugar en el Teatro Anita Villalaz, el 29 y 30 de mayo, desde las 10:00 de la ma\u00f1ana. Para mayor informaci\u00f3n, contactar al 501-4904\/07.<\/p>\n","protected":false},"excerpt":{"rendered":"<p>El Instituto Nacional de Cultura (INAC) abre las convocatorias para <a href=\"https:\/\/sertv.gob.pa\/crisolfm\/inac-abre-convocatorias-de-becas-para-jovenes-musicos\/\"> [&#8230;]<\/a><\/p>\n","protected":false},"author":64,"featured_media":19796,"comment_status":"closed","ping_status":"closed","sticky":false,"template":"","format":"standard","meta":{"footnotes":""},"categories":[6],"tags":[],"class_list":["post-19795","post","type-post","status-publish","format-standard","has-post-thumbnail","hentry","category-culturales"],"_links":{"self":[{"href":"https:\/\/sertv.gob.pa\/crisolfm\/wp-json\/wp\/v2\/posts\/19795","targetHints":{"allow":["GET"]}}],"collection":[{"href":"https:\/\/sertv.gob.pa\/crisolfm\/wp-json\/wp\/v2\/posts"}],"about":[{"href":"https:\/\/sertv.gob.pa\/crisolfm\/wp-json\/wp\/v2\/types\/post"}],"author":[{"embeddable":true,"href":"https:\/\/sertv.gob.pa\/crisolfm\/wp-json\/wp\/v2\/users\/64"}],"replies":[{"embeddable":true,"href":"https:\/\/sertv.gob.pa\/crisolfm\/wp-json\/wp\/v2\/comments?post=19795"}],"version-history":[{"count":1,"href":"https:\/\/sertv.gob.pa\/crisolfm\/wp-json\/wp\/v2\/posts\/19795\/revisions"}],"predecessor-version":[{"id":19797,"href":"https:\/\/sertv.gob.pa\/crisolfm\/wp-json\/wp\/v2\/posts\/19795\/revisions\/19797"}],"wp:featuredmedia":[{"embeddable":true,"href":"https:\/\/sertv.gob.pa\/crisolfm\/wp-json\/wp\/v2\/media\/19796"}],"wp:attachment":[{"href":"https:\/\/sertv.gob.pa\/crisolfm\/wp-json\/wp\/v2\/media?parent=19795"}],"wp:term":[{"taxonomy":"category","embeddable":true,"href":"https:\/\/sertv.gob.pa\/crisolfm\/wp-json\/wp\/v2\/categories?post=19795"},{"taxonomy":"post_tag","embeddable":true,"href":"https:\/\/sertv.gob.pa\/crisolfm\/wp-json\/wp\/v2\/tags?post=19795"}],"curies":[{"name":"wp","href":"https:\/\/api.w.org\/{rel}","templated":true}]}}