{"id":19819,"date":"2019-05-13T13:51:32","date_gmt":"2019-05-13T13:51:32","guid":{"rendered":"https:\/\/sertv.gob.pa\/crisolfm\/?p=19819"},"modified":"2019-05-13T13:51:32","modified_gmt":"2019-05-13T13:51:32","slug":"exhibicion-la-travesia-un-realce-a-la-cultura-congo","status":"publish","type":"post","link":"https:\/\/sertv.gob.pa\/crisolfm\/exhibicion-la-travesia-un-realce-a-la-cultura-congo\/","title":{"rendered":"Exhibici\u00f3n \u201cLa Traves\u00eda\u201d: un realce a la cultura congo"},"content":{"rendered":"<p>La Fundaci\u00f3n Bah\u00eda de Portobelo y Galer\u00eda Casa Congo organizan la exhibici\u00f3n La Traves\u00eda, una muestra pict\u00f3rica que refleja la esencia de la cultura congo de Col\u00f3n. Las obras son realizadas por los artistas Arturo Lindsay, Yaneca Esquina y la fot\u00f3grafa Sandra Eleta.<\/p>\n<p>El Centro Cultural de Espa\u00f1a-Casa del Soldado ser\u00e1 el epicentro de la inauguraci\u00f3n, que se llevar\u00e1 a cabo el pr\u00f3ximo 14 de mayo. La entrada es abierta a todo p\u00fablico.<\/p>\n<p>&nbsp;<\/p>\n<p>&nbsp;<\/p>\n","protected":false},"excerpt":{"rendered":"<p>La Fundaci\u00f3n Bah\u00eda de Portobelo y Galer\u00eda Casa Congo organizan <a href=\"https:\/\/sertv.gob.pa\/crisolfm\/exhibicion-la-travesia-un-realce-a-la-cultura-congo\/\"> [&#8230;]<\/a><\/p>\n","protected":false},"author":64,"featured_media":19820,"comment_status":"closed","ping_status":"closed","sticky":false,"template":"","format":"standard","meta":{"footnotes":""},"categories":[6],"tags":[],"class_list":["post-19819","post","type-post","status-publish","format-standard","has-post-thumbnail","hentry","category-culturales"],"_links":{"self":[{"href":"https:\/\/sertv.gob.pa\/crisolfm\/wp-json\/wp\/v2\/posts\/19819","targetHints":{"allow":["GET"]}}],"collection":[{"href":"https:\/\/sertv.gob.pa\/crisolfm\/wp-json\/wp\/v2\/posts"}],"about":[{"href":"https:\/\/sertv.gob.pa\/crisolfm\/wp-json\/wp\/v2\/types\/post"}],"author":[{"embeddable":true,"href":"https:\/\/sertv.gob.pa\/crisolfm\/wp-json\/wp\/v2\/users\/64"}],"replies":[{"embeddable":true,"href":"https:\/\/sertv.gob.pa\/crisolfm\/wp-json\/wp\/v2\/comments?post=19819"}],"version-history":[{"count":1,"href":"https:\/\/sertv.gob.pa\/crisolfm\/wp-json\/wp\/v2\/posts\/19819\/revisions"}],"predecessor-version":[{"id":19821,"href":"https:\/\/sertv.gob.pa\/crisolfm\/wp-json\/wp\/v2\/posts\/19819\/revisions\/19821"}],"wp:featuredmedia":[{"embeddable":true,"href":"https:\/\/sertv.gob.pa\/crisolfm\/wp-json\/wp\/v2\/media\/19820"}],"wp:attachment":[{"href":"https:\/\/sertv.gob.pa\/crisolfm\/wp-json\/wp\/v2\/media?parent=19819"}],"wp:term":[{"taxonomy":"category","embeddable":true,"href":"https:\/\/sertv.gob.pa\/crisolfm\/wp-json\/wp\/v2\/categories?post=19819"},{"taxonomy":"post_tag","embeddable":true,"href":"https:\/\/sertv.gob.pa\/crisolfm\/wp-json\/wp\/v2\/tags?post=19819"}],"curies":[{"name":"wp","href":"https:\/\/api.w.org\/{rel}","templated":true}]}}