{"id":19825,"date":"2019-05-13T14:06:32","date_gmt":"2019-05-13T14:06:32","guid":{"rendered":"https:\/\/sertv.gob.pa\/crisolfm\/?p=19825"},"modified":"2019-05-13T14:06:32","modified_gmt":"2019-05-13T14:06:32","slug":"fallece-la-actriz-estadounidense-doris-day-a-los-97-anos","status":"publish","type":"post","link":"https:\/\/sertv.gob.pa\/crisolfm\/fallece-la-actriz-estadounidense-doris-day-a-los-97-anos\/","title":{"rendered":"Fallece la actriz estadounidense Doris Day a los 97 a\u00f1os"},"content":{"rendered":"<p>La actriz y cantante estadounidense Doris Day, conocida por sus papeles en el cine hollywoodense de la d\u00e9cada de 1960, falleci\u00f3 este lunes a los 97 a\u00f1os, anunci\u00f3 su fundaci\u00f3n a medios estadounidenses.<\/p>\n<p>Seg\u00fan su organizaci\u00f3n dedicada a la defensa de los animales, Day, quien padec\u00eda una neumon\u00eda, muri\u00f3 en su residencia en California rodeada de sus seres queridos.<\/p>\n<p>&nbsp;<\/p>\n","protected":false},"excerpt":{"rendered":"<p>La actriz y cantante estadounidense Doris Day, conocida por sus <a href=\"https:\/\/sertv.gob.pa\/crisolfm\/fallece-la-actriz-estadounidense-doris-day-a-los-97-anos\/\"> [&#8230;]<\/a><\/p>\n","protected":false},"author":64,"featured_media":19827,"comment_status":"closed","ping_status":"closed","sticky":false,"template":"","format":"standard","meta":{"footnotes":""},"categories":[6],"tags":[],"class_list":["post-19825","post","type-post","status-publish","format-standard","has-post-thumbnail","hentry","category-culturales"],"_links":{"self":[{"href":"https:\/\/sertv.gob.pa\/crisolfm\/wp-json\/wp\/v2\/posts\/19825","targetHints":{"allow":["GET"]}}],"collection":[{"href":"https:\/\/sertv.gob.pa\/crisolfm\/wp-json\/wp\/v2\/posts"}],"about":[{"href":"https:\/\/sertv.gob.pa\/crisolfm\/wp-json\/wp\/v2\/types\/post"}],"author":[{"embeddable":true,"href":"https:\/\/sertv.gob.pa\/crisolfm\/wp-json\/wp\/v2\/users\/64"}],"replies":[{"embeddable":true,"href":"https:\/\/sertv.gob.pa\/crisolfm\/wp-json\/wp\/v2\/comments?post=19825"}],"version-history":[{"count":1,"href":"https:\/\/sertv.gob.pa\/crisolfm\/wp-json\/wp\/v2\/posts\/19825\/revisions"}],"predecessor-version":[{"id":19828,"href":"https:\/\/sertv.gob.pa\/crisolfm\/wp-json\/wp\/v2\/posts\/19825\/revisions\/19828"}],"wp:featuredmedia":[{"embeddable":true,"href":"https:\/\/sertv.gob.pa\/crisolfm\/wp-json\/wp\/v2\/media\/19827"}],"wp:attachment":[{"href":"https:\/\/sertv.gob.pa\/crisolfm\/wp-json\/wp\/v2\/media?parent=19825"}],"wp:term":[{"taxonomy":"category","embeddable":true,"href":"https:\/\/sertv.gob.pa\/crisolfm\/wp-json\/wp\/v2\/categories?post=19825"},{"taxonomy":"post_tag","embeddable":true,"href":"https:\/\/sertv.gob.pa\/crisolfm\/wp-json\/wp\/v2\/tags?post=19825"}],"curies":[{"name":"wp","href":"https:\/\/api.w.org\/{rel}","templated":true}]}}