{"id":19829,"date":"2019-05-13T14:10:28","date_gmt":"2019-05-13T14:10:28","guid":{"rendered":"https:\/\/sertv.gob.pa\/crisolfm\/?p=19829"},"modified":"2019-05-13T14:10:28","modified_gmt":"2019-05-13T14:10:28","slug":"musica-clasica-para-celebrar-los-500-anos-de-la-ciudad-de-panama","status":"publish","type":"post","link":"https:\/\/sertv.gob.pa\/crisolfm\/musica-clasica-para-celebrar-los-500-anos-de-la-ciudad-de-panama\/","title":{"rendered":"M\u00fasica Cl\u00e1sica para celebrar los 500 a\u00f1os de la Ciudad de Panam\u00e1"},"content":{"rendered":"<p>Los paname\u00f1os tendr\u00e1n la oportunidad de disfrutar del 13\u00ba Festival Internacional de M\u00fasica Alfredo De Saint Malo (ASMF), del 30 de mayo al 9 de junio de 2019 en la ciudad de Panam\u00e1. El evento reunir\u00e1 a 35 m\u00fasicos internacionales provenientes de: Colombia, China, Cuba, Brasil, Honduras, Estados Unidos, Venezuela junto a artistas nacionales de m\u00fasica cl\u00e1sica, folcl\u00f3rica y canto, y orquestas sinf\u00f3nicas nacionales.<\/p>\n<p>Los interesados tendr\u00e1n 11 d\u00edas de conciertos, 200 horas de clases y talleres. Las actividades incluyen, conferencias, talleres y clases magistrales impartidas por el cuerpo acad\u00e9mico y artistas invitados. La iniciativa se desarrolla en conmemoraci\u00f3n de la fundaci\u00f3n de Panam\u00e1.<\/p>\n<p>&nbsp;<\/p>\n<p>&nbsp;<\/p>\n","protected":false},"excerpt":{"rendered":"<p>Los paname\u00f1os tendr\u00e1n la oportunidad de disfrutar del 13\u00ba Festival <a href=\"https:\/\/sertv.gob.pa\/crisolfm\/musica-clasica-para-celebrar-los-500-anos-de-la-ciudad-de-panama\/\"> [&#8230;]<\/a><\/p>\n","protected":false},"author":64,"featured_media":19830,"comment_status":"closed","ping_status":"closed","sticky":false,"template":"","format":"standard","meta":{"footnotes":""},"categories":[6],"tags":[],"class_list":["post-19829","post","type-post","status-publish","format-standard","has-post-thumbnail","hentry","category-culturales"],"_links":{"self":[{"href":"https:\/\/sertv.gob.pa\/crisolfm\/wp-json\/wp\/v2\/posts\/19829","targetHints":{"allow":["GET"]}}],"collection":[{"href":"https:\/\/sertv.gob.pa\/crisolfm\/wp-json\/wp\/v2\/posts"}],"about":[{"href":"https:\/\/sertv.gob.pa\/crisolfm\/wp-json\/wp\/v2\/types\/post"}],"author":[{"embeddable":true,"href":"https:\/\/sertv.gob.pa\/crisolfm\/wp-json\/wp\/v2\/users\/64"}],"replies":[{"embeddable":true,"href":"https:\/\/sertv.gob.pa\/crisolfm\/wp-json\/wp\/v2\/comments?post=19829"}],"version-history":[{"count":1,"href":"https:\/\/sertv.gob.pa\/crisolfm\/wp-json\/wp\/v2\/posts\/19829\/revisions"}],"predecessor-version":[{"id":19831,"href":"https:\/\/sertv.gob.pa\/crisolfm\/wp-json\/wp\/v2\/posts\/19829\/revisions\/19831"}],"wp:featuredmedia":[{"embeddable":true,"href":"https:\/\/sertv.gob.pa\/crisolfm\/wp-json\/wp\/v2\/media\/19830"}],"wp:attachment":[{"href":"https:\/\/sertv.gob.pa\/crisolfm\/wp-json\/wp\/v2\/media?parent=19829"}],"wp:term":[{"taxonomy":"category","embeddable":true,"href":"https:\/\/sertv.gob.pa\/crisolfm\/wp-json\/wp\/v2\/categories?post=19829"},{"taxonomy":"post_tag","embeddable":true,"href":"https:\/\/sertv.gob.pa\/crisolfm\/wp-json\/wp\/v2\/tags?post=19829"}],"curies":[{"name":"wp","href":"https:\/\/api.w.org\/{rel}","templated":true}]}}