{"id":19838,"date":"2019-05-13T14:27:23","date_gmt":"2019-05-13T14:27:23","guid":{"rendered":"https:\/\/sertv.gob.pa\/crisolfm\/?p=19838"},"modified":"2019-05-13T14:27:23","modified_gmt":"2019-05-13T14:27:23","slug":"dia-mundial-del-medio-ambiente-2019-se-centrara-en-lucha-contra-emisiones-de-co2","status":"publish","type":"post","link":"https:\/\/sertv.gob.pa\/crisolfm\/dia-mundial-del-medio-ambiente-2019-se-centrara-en-lucha-contra-emisiones-de-co2\/","title":{"rendered":"D\u00eda Mundial del Medio Ambiente 2019 se centrar\u00e1 en lucha contra emisiones de CO2"},"content":{"rendered":"<p>Aproximadamente 7 millones de personas en todo el mundo fallecen prematuramente cada a\u00f1o debido a <strong>la contaminaci\u00f3n del aire<\/strong> y, de \u00e9stas, cerca de 4 millones habitan en la regi\u00f3n de Asia y el Pac\u00edfico. Es por ello que la pr\u00f3xima edici\u00f3n del D\u00eda Mundial del Medio Ambiente, evento liderado por ONU Medio Ambiente y que se celebra cada 5 de junio, se dedicar\u00e1 a la lucha contra la contaminaci\u00f3n del aire, siendo China el anfitri\u00f3n de la celebraci\u00f3n.<\/p>\n<p>As\u00ed lo anunci\u00f3 su viceministro de Ecolog\u00eda y Medio Ambiente, Zhao Yingmin, y la directora ejecutiva adjunta de ONU Medio Ambiente, Joyce Msuya, en el marco de la Asamblea de las Naciones Unidas para el Medio Ambiente, que tuvo lugar a mediados de marzo en Nairobi (Kenia), abordando en la misma temas de gran relevancia tales como la reducci\u00f3n del desperdicio alimentario y la transici\u00f3n hacia la movilidad el\u00e9ctrica.<\/p>\n<p>Los datos son preocupantes: el 92% de <em>los habitantes del mundo no<\/em> respira aire limpio, con la particularidad de que la contaminaci\u00f3n del aire tiene un coste econ\u00f3mico global de 5 billones de d\u00f3lares estadounidenses cada a\u00f1o debido a los gastos en asistencia social.<\/p>\n<p>ECOticias<\/p>\n","protected":false},"excerpt":{"rendered":"<p>Aproximadamente 7 millones de personas en todo el mundo fallecen <a href=\"https:\/\/sertv.gob.pa\/crisolfm\/dia-mundial-del-medio-ambiente-2019-se-centrara-en-lucha-contra-emisiones-de-co2\/\"> [&#8230;]<\/a><\/p>\n","protected":false},"author":64,"featured_media":19839,"comment_status":"closed","ping_status":"closed","sticky":false,"template":"","format":"standard","meta":{"footnotes":""},"categories":[7],"tags":[],"class_list":["post-19838","post","type-post","status-publish","format-standard","has-post-thumbnail","hentry","category-ecologicas"],"_links":{"self":[{"href":"https:\/\/sertv.gob.pa\/crisolfm\/wp-json\/wp\/v2\/posts\/19838","targetHints":{"allow":["GET"]}}],"collection":[{"href":"https:\/\/sertv.gob.pa\/crisolfm\/wp-json\/wp\/v2\/posts"}],"about":[{"href":"https:\/\/sertv.gob.pa\/crisolfm\/wp-json\/wp\/v2\/types\/post"}],"author":[{"embeddable":true,"href":"https:\/\/sertv.gob.pa\/crisolfm\/wp-json\/wp\/v2\/users\/64"}],"replies":[{"embeddable":true,"href":"https:\/\/sertv.gob.pa\/crisolfm\/wp-json\/wp\/v2\/comments?post=19838"}],"version-history":[{"count":1,"href":"https:\/\/sertv.gob.pa\/crisolfm\/wp-json\/wp\/v2\/posts\/19838\/revisions"}],"predecessor-version":[{"id":19840,"href":"https:\/\/sertv.gob.pa\/crisolfm\/wp-json\/wp\/v2\/posts\/19838\/revisions\/19840"}],"wp:featuredmedia":[{"embeddable":true,"href":"https:\/\/sertv.gob.pa\/crisolfm\/wp-json\/wp\/v2\/media\/19839"}],"wp:attachment":[{"href":"https:\/\/sertv.gob.pa\/crisolfm\/wp-json\/wp\/v2\/media?parent=19838"}],"wp:term":[{"taxonomy":"category","embeddable":true,"href":"https:\/\/sertv.gob.pa\/crisolfm\/wp-json\/wp\/v2\/categories?post=19838"},{"taxonomy":"post_tag","embeddable":true,"href":"https:\/\/sertv.gob.pa\/crisolfm\/wp-json\/wp\/v2\/tags?post=19838"}],"curies":[{"name":"wp","href":"https:\/\/api.w.org\/{rel}","templated":true}]}}