{"id":19841,"date":"2019-05-13T14:31:20","date_gmt":"2019-05-13T14:31:20","guid":{"rendered":"https:\/\/sertv.gob.pa\/crisolfm\/?p=19841"},"modified":"2019-05-13T14:31:20","modified_gmt":"2019-05-13T14:31:20","slug":"subaru-preparada-para-fabricar-coches-electricos","status":"publish","type":"post","link":"https:\/\/sertv.gob.pa\/crisolfm\/subaru-preparada-para-fabricar-coches-electricos\/","title":{"rendered":"Subaru preparada para fabricar coches el\u00e9ctricos"},"content":{"rendered":"<p>El director general de Ventas, Marketing y Relaciones P\u00fablicas de Subaru Europa, David Dello Stritto, ha asegurado que la firma japonesa est\u00e1 ya preparada para <strong>producir coches el\u00e9ctricos<\/strong> gracias a su plataforma SGP (Subaru Global Platform), pero que al ser una marca de \u00abnicho\u00bb esperar\u00e1 a que exista una \u00abdemanda real\u00bb.<\/p>\n<p>\u00abEstamos preparados para <em>hacer coches el\u00e9ctricos e h\u00edbridos<\/em>. Acabaremos lanzando un el\u00e9ctrico, pero a\u00fan no hemos definido cu\u00e1ndo, y si no lo hemos hecho ya es porque Subaru tiene m\u00e1s demanda a nivel global de veh\u00edculos t\u00e9rmicos, por el peso de mercados como el norteamericano, el chino o el japon\u00e9s\u00bb, ha se\u00f1alado Dello Stritto en una entrevista a Europa Press.<\/p>\n<p>ECOticias<\/p>\n","protected":false},"excerpt":{"rendered":"<p>El director general de Ventas, Marketing y Relaciones P\u00fablicas de <a href=\"https:\/\/sertv.gob.pa\/crisolfm\/subaru-preparada-para-fabricar-coches-electricos\/\"> [&#8230;]<\/a><\/p>\n","protected":false},"author":64,"featured_media":19842,"comment_status":"closed","ping_status":"closed","sticky":false,"template":"","format":"standard","meta":{"footnotes":""},"categories":[7],"tags":[],"class_list":["post-19841","post","type-post","status-publish","format-standard","has-post-thumbnail","hentry","category-ecologicas"],"_links":{"self":[{"href":"https:\/\/sertv.gob.pa\/crisolfm\/wp-json\/wp\/v2\/posts\/19841","targetHints":{"allow":["GET"]}}],"collection":[{"href":"https:\/\/sertv.gob.pa\/crisolfm\/wp-json\/wp\/v2\/posts"}],"about":[{"href":"https:\/\/sertv.gob.pa\/crisolfm\/wp-json\/wp\/v2\/types\/post"}],"author":[{"embeddable":true,"href":"https:\/\/sertv.gob.pa\/crisolfm\/wp-json\/wp\/v2\/users\/64"}],"replies":[{"embeddable":true,"href":"https:\/\/sertv.gob.pa\/crisolfm\/wp-json\/wp\/v2\/comments?post=19841"}],"version-history":[{"count":1,"href":"https:\/\/sertv.gob.pa\/crisolfm\/wp-json\/wp\/v2\/posts\/19841\/revisions"}],"predecessor-version":[{"id":19843,"href":"https:\/\/sertv.gob.pa\/crisolfm\/wp-json\/wp\/v2\/posts\/19841\/revisions\/19843"}],"wp:featuredmedia":[{"embeddable":true,"href":"https:\/\/sertv.gob.pa\/crisolfm\/wp-json\/wp\/v2\/media\/19842"}],"wp:attachment":[{"href":"https:\/\/sertv.gob.pa\/crisolfm\/wp-json\/wp\/v2\/media?parent=19841"}],"wp:term":[{"taxonomy":"category","embeddable":true,"href":"https:\/\/sertv.gob.pa\/crisolfm\/wp-json\/wp\/v2\/categories?post=19841"},{"taxonomy":"post_tag","embeddable":true,"href":"https:\/\/sertv.gob.pa\/crisolfm\/wp-json\/wp\/v2\/tags?post=19841"}],"curies":[{"name":"wp","href":"https:\/\/api.w.org\/{rel}","templated":true}]}}