{"id":19847,"date":"2019-05-13T15:29:15","date_gmt":"2019-05-13T15:29:15","guid":{"rendered":"https:\/\/sertv.gob.pa\/crisolfm\/?p=19847"},"modified":"2019-05-13T15:29:15","modified_gmt":"2019-05-13T15:29:15","slug":"sismo-de-magnitud-54-se-registra-en-la-provincia-de-colon","status":"publish","type":"post","link":"https:\/\/sertv.gob.pa\/crisolfm\/sismo-de-magnitud-54-se-registra-en-la-provincia-de-colon\/","title":{"rendered":"Sismo de magnitud 5,4 se registra en la provincia de Col\u00f3n"},"content":{"rendered":"<p>Un sismo de magnitud 5,4 se present\u00f3 en la provincia de Col\u00f3n, inform\u00f3 el Sistema Nacional de Protecci\u00f3n Civil de la Rep\u00fablica de Panam\u00e1 (SINAPROC) en su cuenta de Twitter. El epicentro del movimiento tel\u00farico se ubic\u00f3 a una profundidad de 10 kil\u00f3metros, a unos 43 kil\u00f3metros de Nuevo Para\u00edso.<\/p>\n<p>\u00abEl Centro de Operaciones de Emergencia se mantiene efectuando monitoreos en la provincia de Col\u00f3n y descarta posibles afectaciones\u00bb, reporta SINAPROC. Igualmente ha indicado que el \u00faltimo sismo en Col\u00f3n \u00abes causado por falla local\u00bb y no tiene relaci\u00f3n alguna con el temblor registrado anteriormente en la frontera entre Costa Rica y Panam\u00e1.<\/p>\n<p>&nbsp;<\/p>\n<p>&nbsp;<\/p>\n","protected":false},"excerpt":{"rendered":"<p>Un sismo de magnitud 5,4 se present\u00f3 en la provincia <a href=\"https:\/\/sertv.gob.pa\/crisolfm\/sismo-de-magnitud-54-se-registra-en-la-provincia-de-colon\/\"> [&#8230;]<\/a><\/p>\n","protected":false},"author":64,"featured_media":19848,"comment_status":"closed","ping_status":"closed","sticky":false,"template":"","format":"standard","meta":{"footnotes":""},"categories":[7],"tags":[],"class_list":["post-19847","post","type-post","status-publish","format-standard","has-post-thumbnail","hentry","category-ecologicas"],"_links":{"self":[{"href":"https:\/\/sertv.gob.pa\/crisolfm\/wp-json\/wp\/v2\/posts\/19847","targetHints":{"allow":["GET"]}}],"collection":[{"href":"https:\/\/sertv.gob.pa\/crisolfm\/wp-json\/wp\/v2\/posts"}],"about":[{"href":"https:\/\/sertv.gob.pa\/crisolfm\/wp-json\/wp\/v2\/types\/post"}],"author":[{"embeddable":true,"href":"https:\/\/sertv.gob.pa\/crisolfm\/wp-json\/wp\/v2\/users\/64"}],"replies":[{"embeddable":true,"href":"https:\/\/sertv.gob.pa\/crisolfm\/wp-json\/wp\/v2\/comments?post=19847"}],"version-history":[{"count":1,"href":"https:\/\/sertv.gob.pa\/crisolfm\/wp-json\/wp\/v2\/posts\/19847\/revisions"}],"predecessor-version":[{"id":19849,"href":"https:\/\/sertv.gob.pa\/crisolfm\/wp-json\/wp\/v2\/posts\/19847\/revisions\/19849"}],"wp:featuredmedia":[{"embeddable":true,"href":"https:\/\/sertv.gob.pa\/crisolfm\/wp-json\/wp\/v2\/media\/19848"}],"wp:attachment":[{"href":"https:\/\/sertv.gob.pa\/crisolfm\/wp-json\/wp\/v2\/media?parent=19847"}],"wp:term":[{"taxonomy":"category","embeddable":true,"href":"https:\/\/sertv.gob.pa\/crisolfm\/wp-json\/wp\/v2\/categories?post=19847"},{"taxonomy":"post_tag","embeddable":true,"href":"https:\/\/sertv.gob.pa\/crisolfm\/wp-json\/wp\/v2\/tags?post=19847"}],"curies":[{"name":"wp","href":"https:\/\/api.w.org\/{rel}","templated":true}]}}