{"id":19857,"date":"2019-05-14T14:04:35","date_gmt":"2019-05-14T14:04:35","guid":{"rendered":"https:\/\/sertv.gob.pa\/crisolfm\/?p=19857"},"modified":"2019-05-14T14:04:35","modified_gmt":"2019-05-14T14:04:35","slug":"esa-observa-indicios-de-mejoria-en-el-grado-de-deforestacion-de-sudamerica","status":"publish","type":"post","link":"https:\/\/sertv.gob.pa\/crisolfm\/esa-observa-indicios-de-mejoria-en-el-grado-de-deforestacion-de-sudamerica\/","title":{"rendered":"ESA observa indicios de mejor\u00eda en el grado de deforestaci\u00f3n de Sudam\u00e9rica"},"content":{"rendered":"<p>Desde el espacio, la deforestaci\u00f3n en Sudam\u00e9rica muestra indicios de mejor\u00eda gracias al esfuerzo de los Gobiernos de la regi\u00f3n, asegur\u00f3 a Efe la directiva de la Agencia Espacial Europea (ESA), que pronto lanzar\u00e1 un nuevo sat\u00e9lite para supervisar la situaci\u00f3n de estos pulmones del\u00a0planeta. \u00abLa evoluci\u00f3n (de la deforestaci\u00f3n en Sudam\u00e9rica) hab\u00eda pasado situaciones bastante importantes en negativo en los a\u00f1os pasados, por ejemplo en Brasil, pero hoy est\u00e1 mejorando gracias a un esfuerzo enorme de los gobiernos\u00bb, se\u00f1ala la directora de la Oficina de Estrategia, Programas y Coordinaci\u00f3n de la ESA.<\/p>\n<p>En este sentido, Cheli cree que en la actualidad algunos estados de esa regi\u00f3n \u00abhacen una importante actividad de reforestaci\u00f3n, pero tambi\u00e9n de contenci\u00f3n\u00bb de la alarmante destrucci\u00f3n de sus bosques. \u00abY esto se ve tambi\u00e9n desde el sat\u00e9lite\u00bb, defiende desde Mil\u00e1n (norte de Italia), donde participa en el Living Planet Symposium, un importante foro sobre el estado del planeta que da cita cada tres a\u00f1os a numerosos expertos, cient\u00edficos y estudiantes.<\/p>\n<p>En la mirada de los sat\u00e9lites hacia la Tierra, atenci\u00f3n especial merece la regi\u00f3n de Suram\u00e9rica, quejada por la destrucci\u00f3n de sus bosques, as\u00ed como por la desertificaci\u00f3n, el deshielo de sus glaciares milenarios, sus se\u00edsmos y las erupciones volc\u00e1nicas.<\/p>\n<p>EFE<\/p>\n","protected":false},"excerpt":{"rendered":"<p>Desde el espacio, la deforestaci\u00f3n en Sudam\u00e9rica muestra indicios de <a href=\"https:\/\/sertv.gob.pa\/crisolfm\/esa-observa-indicios-de-mejoria-en-el-grado-de-deforestacion-de-sudamerica\/\"> [&#8230;]<\/a><\/p>\n","protected":false},"author":64,"featured_media":19858,"comment_status":"closed","ping_status":"closed","sticky":false,"template":"","format":"standard","meta":{"footnotes":""},"categories":[7],"tags":[],"class_list":["post-19857","post","type-post","status-publish","format-standard","has-post-thumbnail","hentry","category-ecologicas"],"_links":{"self":[{"href":"https:\/\/sertv.gob.pa\/crisolfm\/wp-json\/wp\/v2\/posts\/19857","targetHints":{"allow":["GET"]}}],"collection":[{"href":"https:\/\/sertv.gob.pa\/crisolfm\/wp-json\/wp\/v2\/posts"}],"about":[{"href":"https:\/\/sertv.gob.pa\/crisolfm\/wp-json\/wp\/v2\/types\/post"}],"author":[{"embeddable":true,"href":"https:\/\/sertv.gob.pa\/crisolfm\/wp-json\/wp\/v2\/users\/64"}],"replies":[{"embeddable":true,"href":"https:\/\/sertv.gob.pa\/crisolfm\/wp-json\/wp\/v2\/comments?post=19857"}],"version-history":[{"count":1,"href":"https:\/\/sertv.gob.pa\/crisolfm\/wp-json\/wp\/v2\/posts\/19857\/revisions"}],"predecessor-version":[{"id":19859,"href":"https:\/\/sertv.gob.pa\/crisolfm\/wp-json\/wp\/v2\/posts\/19857\/revisions\/19859"}],"wp:featuredmedia":[{"embeddable":true,"href":"https:\/\/sertv.gob.pa\/crisolfm\/wp-json\/wp\/v2\/media\/19858"}],"wp:attachment":[{"href":"https:\/\/sertv.gob.pa\/crisolfm\/wp-json\/wp\/v2\/media?parent=19857"}],"wp:term":[{"taxonomy":"category","embeddable":true,"href":"https:\/\/sertv.gob.pa\/crisolfm\/wp-json\/wp\/v2\/categories?post=19857"},{"taxonomy":"post_tag","embeddable":true,"href":"https:\/\/sertv.gob.pa\/crisolfm\/wp-json\/wp\/v2\/tags?post=19857"}],"curies":[{"name":"wp","href":"https:\/\/api.w.org\/{rel}","templated":true}]}}