{"id":19860,"date":"2019-05-14T14:09:15","date_gmt":"2019-05-14T14:09:15","guid":{"rendered":"https:\/\/sertv.gob.pa\/crisolfm\/?p=19860"},"modified":"2019-05-14T14:09:15","modified_gmt":"2019-05-14T14:09:15","slug":"exposicion-moda-500-hoy-en-ciudad-del-saber","status":"publish","type":"post","link":"https:\/\/sertv.gob.pa\/crisolfm\/exposicion-moda-500-hoy-en-ciudad-del-saber\/","title":{"rendered":"Exposici\u00f3n \u201cModa 500\u201d, hoy en Ciudad del Saber"},"content":{"rendered":"<p>La Ciudad del Saber invita a la inauguraci\u00f3n de la exposici\u00f3n \u2018Moda 500&#8242;, una muestra inspirada en la historia de la indumentaria paname\u00f1a. El evento se da en v\u00edspera de los 500 a\u00f1os de la Ciudad de Panam\u00e1.<\/p>\n<p>La cita es hoy, en el Centro de Interpretaci\u00f3n, localizado en el edificio 173 de la Ciudad del Saber, a las 6:00 de la tarde. La entrada es abierta a todo p\u00fablico.<\/p>\n<p>&nbsp;<\/p>\n","protected":false},"excerpt":{"rendered":"<p>La Ciudad del Saber invita a la inauguraci\u00f3n de la <a href=\"https:\/\/sertv.gob.pa\/crisolfm\/exposicion-moda-500-hoy-en-ciudad-del-saber\/\"> [&#8230;]<\/a><\/p>\n","protected":false},"author":64,"featured_media":19861,"comment_status":"closed","ping_status":"closed","sticky":false,"template":"","format":"standard","meta":{"footnotes":""},"categories":[6],"tags":[],"class_list":["post-19860","post","type-post","status-publish","format-standard","has-post-thumbnail","hentry","category-culturales"],"_links":{"self":[{"href":"https:\/\/sertv.gob.pa\/crisolfm\/wp-json\/wp\/v2\/posts\/19860","targetHints":{"allow":["GET"]}}],"collection":[{"href":"https:\/\/sertv.gob.pa\/crisolfm\/wp-json\/wp\/v2\/posts"}],"about":[{"href":"https:\/\/sertv.gob.pa\/crisolfm\/wp-json\/wp\/v2\/types\/post"}],"author":[{"embeddable":true,"href":"https:\/\/sertv.gob.pa\/crisolfm\/wp-json\/wp\/v2\/users\/64"}],"replies":[{"embeddable":true,"href":"https:\/\/sertv.gob.pa\/crisolfm\/wp-json\/wp\/v2\/comments?post=19860"}],"version-history":[{"count":1,"href":"https:\/\/sertv.gob.pa\/crisolfm\/wp-json\/wp\/v2\/posts\/19860\/revisions"}],"predecessor-version":[{"id":19862,"href":"https:\/\/sertv.gob.pa\/crisolfm\/wp-json\/wp\/v2\/posts\/19860\/revisions\/19862"}],"wp:featuredmedia":[{"embeddable":true,"href":"https:\/\/sertv.gob.pa\/crisolfm\/wp-json\/wp\/v2\/media\/19861"}],"wp:attachment":[{"href":"https:\/\/sertv.gob.pa\/crisolfm\/wp-json\/wp\/v2\/media?parent=19860"}],"wp:term":[{"taxonomy":"category","embeddable":true,"href":"https:\/\/sertv.gob.pa\/crisolfm\/wp-json\/wp\/v2\/categories?post=19860"},{"taxonomy":"post_tag","embeddable":true,"href":"https:\/\/sertv.gob.pa\/crisolfm\/wp-json\/wp\/v2\/tags?post=19860"}],"curies":[{"name":"wp","href":"https:\/\/api.w.org\/{rel}","templated":true}]}}