{"id":19863,"date":"2019-05-14T14:48:26","date_gmt":"2019-05-14T14:48:26","guid":{"rendered":"https:\/\/sertv.gob.pa\/crisolfm\/?p=19863"},"modified":"2019-05-14T14:48:26","modified_gmt":"2019-05-14T14:48:26","slug":"se-registraran-indices-maximos-de-radiacion-ultravioleta","status":"publish","type":"post","link":"https:\/\/sertv.gob.pa\/crisolfm\/se-registraran-indices-maximos-de-radiacion-ultravioleta\/","title":{"rendered":"Se registrar\u00e1n \u00edndices m\u00e1ximos de radiaci\u00f3n ultravioleta"},"content":{"rendered":"<p>La Empresa de Transmisi\u00f3n El\u00e9ctrica (Etesa) emiti\u00f3 un aviso de prevenci\u00f3n por \u00edndices m\u00e1ximos de radiaci\u00f3n ultravioleta v\u00e1lido hasta este jueves.<\/p>\n<p>En las provincias de Bocas del Toro, Chiriqu\u00ed, Comarca Ng\u00e4be Bugl\u00e9, Panam\u00e1 Oeste, Herrera, Los Santos, y Veraguas se registrar\u00e1n \u00edndices muy altos de 8 a 9 por periodos de 14 a 18 minutos. Mientras que en sectores mar\u00edtimos del pac\u00edfico y caribe paname\u00f1o se registrar\u00e1n \u00edndices extremos de 11 o m\u00e1s por periodos de 6 a 10 minutos.<\/p>\n<p>&nbsp;<\/p>\n<p>&nbsp;<\/p>\n","protected":false},"excerpt":{"rendered":"<p>La Empresa de Transmisi\u00f3n El\u00e9ctrica (Etesa) emiti\u00f3 un aviso de <a href=\"https:\/\/sertv.gob.pa\/crisolfm\/se-registraran-indices-maximos-de-radiacion-ultravioleta\/\"> [&#8230;]<\/a><\/p>\n","protected":false},"author":64,"featured_media":19864,"comment_status":"closed","ping_status":"closed","sticky":false,"template":"","format":"standard","meta":{"footnotes":""},"categories":[7],"tags":[],"class_list":["post-19863","post","type-post","status-publish","format-standard","has-post-thumbnail","hentry","category-ecologicas"],"_links":{"self":[{"href":"https:\/\/sertv.gob.pa\/crisolfm\/wp-json\/wp\/v2\/posts\/19863","targetHints":{"allow":["GET"]}}],"collection":[{"href":"https:\/\/sertv.gob.pa\/crisolfm\/wp-json\/wp\/v2\/posts"}],"about":[{"href":"https:\/\/sertv.gob.pa\/crisolfm\/wp-json\/wp\/v2\/types\/post"}],"author":[{"embeddable":true,"href":"https:\/\/sertv.gob.pa\/crisolfm\/wp-json\/wp\/v2\/users\/64"}],"replies":[{"embeddable":true,"href":"https:\/\/sertv.gob.pa\/crisolfm\/wp-json\/wp\/v2\/comments?post=19863"}],"version-history":[{"count":1,"href":"https:\/\/sertv.gob.pa\/crisolfm\/wp-json\/wp\/v2\/posts\/19863\/revisions"}],"predecessor-version":[{"id":19865,"href":"https:\/\/sertv.gob.pa\/crisolfm\/wp-json\/wp\/v2\/posts\/19863\/revisions\/19865"}],"wp:featuredmedia":[{"embeddable":true,"href":"https:\/\/sertv.gob.pa\/crisolfm\/wp-json\/wp\/v2\/media\/19864"}],"wp:attachment":[{"href":"https:\/\/sertv.gob.pa\/crisolfm\/wp-json\/wp\/v2\/media?parent=19863"}],"wp:term":[{"taxonomy":"category","embeddable":true,"href":"https:\/\/sertv.gob.pa\/crisolfm\/wp-json\/wp\/v2\/categories?post=19863"},{"taxonomy":"post_tag","embeddable":true,"href":"https:\/\/sertv.gob.pa\/crisolfm\/wp-json\/wp\/v2\/tags?post=19863"}],"curies":[{"name":"wp","href":"https:\/\/api.w.org\/{rel}","templated":true}]}}