{"id":19874,"date":"2019-05-14T15:26:47","date_gmt":"2019-05-14T15:26:47","guid":{"rendered":"https:\/\/sertv.gob.pa\/crisolfm\/?p=19874"},"modified":"2019-05-14T15:26:47","modified_gmt":"2019-05-14T15:26:47","slug":"cannes-se-prepara-para-un-tsunami-de-estrellas","status":"publish","type":"post","link":"https:\/\/sertv.gob.pa\/crisolfm\/cannes-se-prepara-para-un-tsunami-de-estrellas\/","title":{"rendered":"Cannes se prepara para un tsunami de estrellas"},"content":{"rendered":"<p>El Festival de Cannes abre uno de sus cert\u00e1menes m\u00e1s ambiciosos de los \u00faltimos a\u00f1os con m\u00e1s Hollywood, m\u00e1s glamur, m\u00e1s rock y por supuesto m\u00e1s cine de autor de primer nivel. Bajo el inmenso cartel oficial con la recientemente fallecida directora francesa Agn\u00e8s Varda colgado en el Palacio de los Festivales, los operarios preparaban los decorados y se aprestaban a colocar la alfombra roja por la que desfilar\u00e1 a partir de este martes una lluvia de estrellas.<\/p>\n<p>A los celeb\u00e9rrimos directores como Quentin Tarantino y Terrence Malick, los int\u00e9rpretes m\u00e1s cotizados como Brad Pitt y Leonardo DiCaprio y los astros de otros artes y mundos &#8211; Elton John, Maradona -, se sum\u00f3 a \u00faltima hora el oscarizado actor espa\u00f1ol Javier Bardem, que abrir\u00e1 el festival junto a Charlotte Gainsbourg.<\/p>\n<p>El director mexicano Alejandro Gonz\u00e1lez I\u00f1\u00e1rritu presidir\u00e1 el jurado que otorgar\u00e1 el d\u00eda 25 la Palma de Oro, por la que compiten seis directores ya premiados con el galard\u00f3n: Tarantino, Malick, as\u00ed como el brit\u00e1nico Ken Loach, los hermanos belgas Jean-Pierre y Luc Dardenne y el franc\u00e9s Abdellatif Kechiche.<\/p>\n<p>&nbsp;<\/p>\n","protected":false},"excerpt":{"rendered":"<p>El Festival de Cannes abre uno de sus cert\u00e1menes m\u00e1s <a href=\"https:\/\/sertv.gob.pa\/crisolfm\/cannes-se-prepara-para-un-tsunami-de-estrellas\/\"> [&#8230;]<\/a><\/p>\n","protected":false},"author":64,"featured_media":19875,"comment_status":"closed","ping_status":"closed","sticky":false,"template":"","format":"standard","meta":{"footnotes":""},"categories":[6],"tags":[],"class_list":["post-19874","post","type-post","status-publish","format-standard","has-post-thumbnail","hentry","category-culturales"],"_links":{"self":[{"href":"https:\/\/sertv.gob.pa\/crisolfm\/wp-json\/wp\/v2\/posts\/19874","targetHints":{"allow":["GET"]}}],"collection":[{"href":"https:\/\/sertv.gob.pa\/crisolfm\/wp-json\/wp\/v2\/posts"}],"about":[{"href":"https:\/\/sertv.gob.pa\/crisolfm\/wp-json\/wp\/v2\/types\/post"}],"author":[{"embeddable":true,"href":"https:\/\/sertv.gob.pa\/crisolfm\/wp-json\/wp\/v2\/users\/64"}],"replies":[{"embeddable":true,"href":"https:\/\/sertv.gob.pa\/crisolfm\/wp-json\/wp\/v2\/comments?post=19874"}],"version-history":[{"count":1,"href":"https:\/\/sertv.gob.pa\/crisolfm\/wp-json\/wp\/v2\/posts\/19874\/revisions"}],"predecessor-version":[{"id":19876,"href":"https:\/\/sertv.gob.pa\/crisolfm\/wp-json\/wp\/v2\/posts\/19874\/revisions\/19876"}],"wp:featuredmedia":[{"embeddable":true,"href":"https:\/\/sertv.gob.pa\/crisolfm\/wp-json\/wp\/v2\/media\/19875"}],"wp:attachment":[{"href":"https:\/\/sertv.gob.pa\/crisolfm\/wp-json\/wp\/v2\/media?parent=19874"}],"wp:term":[{"taxonomy":"category","embeddable":true,"href":"https:\/\/sertv.gob.pa\/crisolfm\/wp-json\/wp\/v2\/categories?post=19874"},{"taxonomy":"post_tag","embeddable":true,"href":"https:\/\/sertv.gob.pa\/crisolfm\/wp-json\/wp\/v2\/tags?post=19874"}],"curies":[{"name":"wp","href":"https:\/\/api.w.org\/{rel}","templated":true}]}}