{"id":19886,"date":"2019-05-14T16:27:13","date_gmt":"2019-05-14T16:27:13","guid":{"rendered":"https:\/\/sertv.gob.pa\/crisolfm\/?p=19886"},"modified":"2019-05-14T16:27:13","modified_gmt":"2019-05-14T16:27:13","slug":"una-colombiana-manejara-plataforma-mundial-de-biodiversidad","status":"publish","type":"post","link":"https:\/\/sertv.gob.pa\/crisolfm\/una-colombiana-manejara-plataforma-mundial-de-biodiversidad\/","title":{"rendered":"Una colombiana manejar\u00e1 plataforma mundial de biodiversidad"},"content":{"rendered":"<p>El pasado fin de semana, en Par\u00eds, fue nombrada la colombiana Ana Mar\u00eda Hern\u00e1ndez como presidenta de la Plataforma Intergubernamental sobre Biodiversidad y Servicios Ecosist\u00e9micos (Ipbes), un organismo con representaci\u00f3n en 132 pa\u00edses que, a partir de la evidencia cient\u00edfica, pretende influir en las pol\u00edticas p\u00fablicas orientadas a la conservaci\u00f3n.<\/p>\n<p>Hern\u00e1ndez es, desde el 2010, jefe de la Oficina de Asuntos Internacionales, Pol\u00edtica y Cooperaci\u00f3n del Instituto Humboldt, y llega a la presidencia a suceder a Sir. Robert Watson, quien estuvo tres a\u00f1os al frente de esta organizaci\u00f3n mundial.<\/p>\n<p>Es, a la vez, la primera mujer en la historia al frente de la Ipbes y, entre otras responsabilidades, <strong>presidir\u00e1 los pr\u00f3ximos tres a\u00f1os la plenaria anual en la cual se aprueba el programa de trabajo general de la plataforma, actividades, presupuesto y productos,<\/strong> incluidos res\u00famenes que llegan a tomadores de decisiones, explic\u00f3 el Instituto Humboldt.<\/p>\n<p>El Tiempo<\/p>\n","protected":false},"excerpt":{"rendered":"<p>El pasado fin de semana, en Par\u00eds, fue nombrada la <a href=\"https:\/\/sertv.gob.pa\/crisolfm\/una-colombiana-manejara-plataforma-mundial-de-biodiversidad\/\"> [&#8230;]<\/a><\/p>\n","protected":false},"author":64,"featured_media":19887,"comment_status":"closed","ping_status":"closed","sticky":false,"template":"","format":"standard","meta":{"footnotes":""},"categories":[7],"tags":[],"class_list":["post-19886","post","type-post","status-publish","format-standard","has-post-thumbnail","hentry","category-ecologicas"],"_links":{"self":[{"href":"https:\/\/sertv.gob.pa\/crisolfm\/wp-json\/wp\/v2\/posts\/19886","targetHints":{"allow":["GET"]}}],"collection":[{"href":"https:\/\/sertv.gob.pa\/crisolfm\/wp-json\/wp\/v2\/posts"}],"about":[{"href":"https:\/\/sertv.gob.pa\/crisolfm\/wp-json\/wp\/v2\/types\/post"}],"author":[{"embeddable":true,"href":"https:\/\/sertv.gob.pa\/crisolfm\/wp-json\/wp\/v2\/users\/64"}],"replies":[{"embeddable":true,"href":"https:\/\/sertv.gob.pa\/crisolfm\/wp-json\/wp\/v2\/comments?post=19886"}],"version-history":[{"count":1,"href":"https:\/\/sertv.gob.pa\/crisolfm\/wp-json\/wp\/v2\/posts\/19886\/revisions"}],"predecessor-version":[{"id":19888,"href":"https:\/\/sertv.gob.pa\/crisolfm\/wp-json\/wp\/v2\/posts\/19886\/revisions\/19888"}],"wp:featuredmedia":[{"embeddable":true,"href":"https:\/\/sertv.gob.pa\/crisolfm\/wp-json\/wp\/v2\/media\/19887"}],"wp:attachment":[{"href":"https:\/\/sertv.gob.pa\/crisolfm\/wp-json\/wp\/v2\/media?parent=19886"}],"wp:term":[{"taxonomy":"category","embeddable":true,"href":"https:\/\/sertv.gob.pa\/crisolfm\/wp-json\/wp\/v2\/categories?post=19886"},{"taxonomy":"post_tag","embeddable":true,"href":"https:\/\/sertv.gob.pa\/crisolfm\/wp-json\/wp\/v2\/tags?post=19886"}],"curies":[{"name":"wp","href":"https:\/\/api.w.org\/{rel}","templated":true}]}}