{"id":19901,"date":"2019-05-15T13:45:48","date_gmt":"2019-05-15T13:45:48","guid":{"rendered":"https:\/\/sertv.gob.pa\/crisolfm\/?p=19901"},"modified":"2019-05-15T13:45:48","modified_gmt":"2019-05-15T13:45:48","slug":"lagos-de-la-capital-costarricense-se-han-quedado-secos-por-falta-de-lluvias","status":"publish","type":"post","link":"https:\/\/sertv.gob.pa\/crisolfm\/lagos-de-la-capital-costarricense-se-han-quedado-secos-por-falta-de-lluvias\/","title":{"rendered":"Lagos de la capital costarricense se han quedado secos por falta de lluvias"},"content":{"rendered":"<p>Dos lagos artificiales que adornan los principales parques urbanos de la capital costarricense se han quedado secos y sin la presencia de aves que llegaban a pescar a sus aguas, a causa de la fuerte sequ\u00eda que afect\u00f3 al pa\u00eds recientemente. Aunque la \u00faltima semana ha registrado un repunte en las lluvias en gran parte de Costa Rica, ha sido insuficiente para devolver el caudal a los lagos de los parques de La Sabana, en el oeste de San Jos\u00e9, y de La Paz, en el sur.<\/p>\n<p>El Instituto Costarricense de Deportes (Icoder), que administra los dos parques, espera que con la vuelta de las lluvias los lagos recuperen su nivel. \u00abEsto da tristeza, antes la gente ven\u00eda a pasar una tarde o un s\u00e1bado a la orilla del lago. Ahora no hay nada que venir a ver\u00bb, lament\u00f3 Gerardo Soto, vendedor de papas tostadas en La Sabana.<\/p>\n<p>AFP<\/p>\n<p>&nbsp;<\/p>\n<p>&nbsp;<\/p>\n<p>&nbsp;<\/p>\n","protected":false},"excerpt":{"rendered":"<p>Dos lagos artificiales que adornan los principales parques urbanos de <a href=\"https:\/\/sertv.gob.pa\/crisolfm\/lagos-de-la-capital-costarricense-se-han-quedado-secos-por-falta-de-lluvias\/\"> [&#8230;]<\/a><\/p>\n","protected":false},"author":64,"featured_media":19902,"comment_status":"closed","ping_status":"closed","sticky":false,"template":"","format":"standard","meta":{"footnotes":""},"categories":[7],"tags":[],"class_list":["post-19901","post","type-post","status-publish","format-standard","has-post-thumbnail","hentry","category-ecologicas"],"_links":{"self":[{"href":"https:\/\/sertv.gob.pa\/crisolfm\/wp-json\/wp\/v2\/posts\/19901","targetHints":{"allow":["GET"]}}],"collection":[{"href":"https:\/\/sertv.gob.pa\/crisolfm\/wp-json\/wp\/v2\/posts"}],"about":[{"href":"https:\/\/sertv.gob.pa\/crisolfm\/wp-json\/wp\/v2\/types\/post"}],"author":[{"embeddable":true,"href":"https:\/\/sertv.gob.pa\/crisolfm\/wp-json\/wp\/v2\/users\/64"}],"replies":[{"embeddable":true,"href":"https:\/\/sertv.gob.pa\/crisolfm\/wp-json\/wp\/v2\/comments?post=19901"}],"version-history":[{"count":1,"href":"https:\/\/sertv.gob.pa\/crisolfm\/wp-json\/wp\/v2\/posts\/19901\/revisions"}],"predecessor-version":[{"id":19903,"href":"https:\/\/sertv.gob.pa\/crisolfm\/wp-json\/wp\/v2\/posts\/19901\/revisions\/19903"}],"wp:featuredmedia":[{"embeddable":true,"href":"https:\/\/sertv.gob.pa\/crisolfm\/wp-json\/wp\/v2\/media\/19902"}],"wp:attachment":[{"href":"https:\/\/sertv.gob.pa\/crisolfm\/wp-json\/wp\/v2\/media?parent=19901"}],"wp:term":[{"taxonomy":"category","embeddable":true,"href":"https:\/\/sertv.gob.pa\/crisolfm\/wp-json\/wp\/v2\/categories?post=19901"},{"taxonomy":"post_tag","embeddable":true,"href":"https:\/\/sertv.gob.pa\/crisolfm\/wp-json\/wp\/v2\/tags?post=19901"}],"curies":[{"name":"wp","href":"https:\/\/api.w.org\/{rel}","templated":true}]}}