{"id":19907,"date":"2019-05-15T13:56:02","date_gmt":"2019-05-15T13:56:02","guid":{"rendered":"https:\/\/sertv.gob.pa\/crisolfm\/?p=19907"},"modified":"2019-05-15T13:56:02","modified_gmt":"2019-05-15T13:56:02","slug":"declaran-riesgo-extraordinario-por-contaminacion-en-ciudad-de-mexico","status":"publish","type":"post","link":"https:\/\/sertv.gob.pa\/crisolfm\/declaran-riesgo-extraordinario-por-contaminacion-en-ciudad-de-mexico\/","title":{"rendered":"Declaran riesgo extraordinario por contaminaci\u00f3n en Ciudad de M\u00e9xico"},"content":{"rendered":"<p>Autoridades de Ciudad de M\u00e9xico y de su zona metropolitana declararon este martes un riesgo ambiental extraordinario por altos niveles de contaminaci\u00f3n, lo que implica la restricci\u00f3n al tr\u00e1nsito vehicular y la reprogramaci\u00f3n de un juego de semifinales del torneo de f\u00fatbol mexicano. Las medidas vienen en medio de complicadas condiciones meteorol\u00f3gicas y numerosos incendios en el centro del pa\u00eds que han acentuado la contaminaci\u00f3n.<\/p>\n<p>Poco antes del amanecer, una de las estaciones de monitoreo de calidad del aire super\u00f3 los 150 puntos de contaminantes, nivel l\u00edmite para declarar la contingencia y que da paso a la suspensi\u00f3n de una serie de actividades en la megaurbe de m\u00e1s de 20 millones de habitantes. Se activa la contingencia ambiental extraordinaria por part\u00edculas\u00bb, se\u00f1ala un comunicado de la Comisi\u00f3n Ambiental de la Megal\u00f3polis al referirse a las micropart\u00edculas, que son el principal contaminante ambiental.<\/p>\n<p>&nbsp;<\/p>\n","protected":false},"excerpt":{"rendered":"<p>Autoridades de Ciudad de M\u00e9xico y de su zona metropolitana <a href=\"https:\/\/sertv.gob.pa\/crisolfm\/declaran-riesgo-extraordinario-por-contaminacion-en-ciudad-de-mexico\/\"> [&#8230;]<\/a><\/p>\n","protected":false},"author":64,"featured_media":19908,"comment_status":"closed","ping_status":"closed","sticky":false,"template":"","format":"standard","meta":{"footnotes":""},"categories":[7],"tags":[],"class_list":["post-19907","post","type-post","status-publish","format-standard","has-post-thumbnail","hentry","category-ecologicas"],"_links":{"self":[{"href":"https:\/\/sertv.gob.pa\/crisolfm\/wp-json\/wp\/v2\/posts\/19907","targetHints":{"allow":["GET"]}}],"collection":[{"href":"https:\/\/sertv.gob.pa\/crisolfm\/wp-json\/wp\/v2\/posts"}],"about":[{"href":"https:\/\/sertv.gob.pa\/crisolfm\/wp-json\/wp\/v2\/types\/post"}],"author":[{"embeddable":true,"href":"https:\/\/sertv.gob.pa\/crisolfm\/wp-json\/wp\/v2\/users\/64"}],"replies":[{"embeddable":true,"href":"https:\/\/sertv.gob.pa\/crisolfm\/wp-json\/wp\/v2\/comments?post=19907"}],"version-history":[{"count":1,"href":"https:\/\/sertv.gob.pa\/crisolfm\/wp-json\/wp\/v2\/posts\/19907\/revisions"}],"predecessor-version":[{"id":19909,"href":"https:\/\/sertv.gob.pa\/crisolfm\/wp-json\/wp\/v2\/posts\/19907\/revisions\/19909"}],"wp:featuredmedia":[{"embeddable":true,"href":"https:\/\/sertv.gob.pa\/crisolfm\/wp-json\/wp\/v2\/media\/19908"}],"wp:attachment":[{"href":"https:\/\/sertv.gob.pa\/crisolfm\/wp-json\/wp\/v2\/media?parent=19907"}],"wp:term":[{"taxonomy":"category","embeddable":true,"href":"https:\/\/sertv.gob.pa\/crisolfm\/wp-json\/wp\/v2\/categories?post=19907"},{"taxonomy":"post_tag","embeddable":true,"href":"https:\/\/sertv.gob.pa\/crisolfm\/wp-json\/wp\/v2\/tags?post=19907"}],"curies":[{"name":"wp","href":"https:\/\/api.w.org\/{rel}","templated":true}]}}