{"id":19910,"date":"2019-05-15T14:02:16","date_gmt":"2019-05-15T14:02:16","guid":{"rendered":"https:\/\/sertv.gob.pa\/crisolfm\/?p=19910"},"modified":"2019-05-15T14:02:16","modified_gmt":"2019-05-15T14:02:16","slug":"documental-diaspora-en-el-sahara-llega-a-la-gran-pantalla-del-cine-universitario","status":"publish","type":"post","link":"https:\/\/sertv.gob.pa\/crisolfm\/documental-diaspora-en-el-sahara-llega-a-la-gran-pantalla-del-cine-universitario\/","title":{"rendered":"Documental &#8216;Di\u00e1spora en el Sahara&#8217; llega a la gran pantalla del Cine Universitario"},"content":{"rendered":"<p>El documental &#8216;Di\u00e1spora en el Sahara&#8217; llega a Panam\u00e1 de la mano de su guionista N\u00e9stor Antonio Suleiman, quien resume las luchas de emancipaci\u00f3n del pueblo Saharaui. Suleiman quien estar\u00e1 presente en la proyecci\u00f3n del documental en el Cine Universitario, el pr\u00f3ximo 22 de mayo, brindar\u00e1 un momento de debate para interactuar con el p\u00fablico asistente.<\/p>\n<p>El documental demuestra los campamentos de cientos de refugiados desde Tindouf (en la zona meridional del desierto de Sahara en Argelia), Mauritania hasta la zona ocupada por Marruecos en el Sahara Occidental, las que dieron como fruto la realizaci\u00f3n de la pel\u00edcula cinematogr\u00e1fica. El film fue patrocinado por el INCAA y los gobiernos de la Rep\u00fablica Argelina Democr\u00e1tica y Popular y la Rep\u00fablica \u00c1rabe Saharaui Democr\u00e1tica y Popular.<\/p>\n<p>Luego, el 23 de mayo, Suleiman participar\u00e1 en la presentaci\u00f3n del libro &#8216;Panarabismo e Identidades religiosas y \u00e9tnicas&#8217;, en la Librer\u00eda Universitaria de 6:00 p.m. a 7:30 p.m. donde el embajador de la Rep\u00fablica \u00c1rabe Saharau\u00ed Democr\u00e1tica en Panam\u00e1, Al\u00ed Mahmoud comentar\u00e1 la obra.<\/p>\n<p>&nbsp;<\/p>\n","protected":false},"excerpt":{"rendered":"<p>El documental &#8216;Di\u00e1spora en el Sahara&#8217; llega a Panam\u00e1 de <a href=\"https:\/\/sertv.gob.pa\/crisolfm\/documental-diaspora-en-el-sahara-llega-a-la-gran-pantalla-del-cine-universitario\/\"> [&#8230;]<\/a><\/p>\n","protected":false},"author":64,"featured_media":19911,"comment_status":"closed","ping_status":"closed","sticky":false,"template":"","format":"standard","meta":{"footnotes":""},"categories":[6],"tags":[],"class_list":["post-19910","post","type-post","status-publish","format-standard","has-post-thumbnail","hentry","category-culturales"],"_links":{"self":[{"href":"https:\/\/sertv.gob.pa\/crisolfm\/wp-json\/wp\/v2\/posts\/19910","targetHints":{"allow":["GET"]}}],"collection":[{"href":"https:\/\/sertv.gob.pa\/crisolfm\/wp-json\/wp\/v2\/posts"}],"about":[{"href":"https:\/\/sertv.gob.pa\/crisolfm\/wp-json\/wp\/v2\/types\/post"}],"author":[{"embeddable":true,"href":"https:\/\/sertv.gob.pa\/crisolfm\/wp-json\/wp\/v2\/users\/64"}],"replies":[{"embeddable":true,"href":"https:\/\/sertv.gob.pa\/crisolfm\/wp-json\/wp\/v2\/comments?post=19910"}],"version-history":[{"count":1,"href":"https:\/\/sertv.gob.pa\/crisolfm\/wp-json\/wp\/v2\/posts\/19910\/revisions"}],"predecessor-version":[{"id":19912,"href":"https:\/\/sertv.gob.pa\/crisolfm\/wp-json\/wp\/v2\/posts\/19910\/revisions\/19912"}],"wp:featuredmedia":[{"embeddable":true,"href":"https:\/\/sertv.gob.pa\/crisolfm\/wp-json\/wp\/v2\/media\/19911"}],"wp:attachment":[{"href":"https:\/\/sertv.gob.pa\/crisolfm\/wp-json\/wp\/v2\/media?parent=19910"}],"wp:term":[{"taxonomy":"category","embeddable":true,"href":"https:\/\/sertv.gob.pa\/crisolfm\/wp-json\/wp\/v2\/categories?post=19910"},{"taxonomy":"post_tag","embeddable":true,"href":"https:\/\/sertv.gob.pa\/crisolfm\/wp-json\/wp\/v2\/tags?post=19910"}],"curies":[{"name":"wp","href":"https:\/\/api.w.org\/{rel}","templated":true}]}}