{"id":19916,"date":"2019-05-15T14:22:31","date_gmt":"2019-05-15T14:22:31","guid":{"rendered":"https:\/\/sertv.gob.pa\/crisolfm\/?p=19916"},"modified":"2019-05-15T14:22:31","modified_gmt":"2019-05-15T14:22:31","slug":"la-moda-ecoamigable-se-tomara-albrook-mall-desde-el-30-de-mayo","status":"publish","type":"post","link":"https:\/\/sertv.gob.pa\/crisolfm\/la-moda-ecoamigable-se-tomara-albrook-mall-desde-el-30-de-mayo\/","title":{"rendered":"La moda ecoamigable se tomar\u00e1 Albrook Mall desde el 30 de mayo"},"content":{"rendered":"<p>Por segunda vez la \u201cEco Week, moda, arte y cultura\u201d se encargar\u00e1 de exaltar la importancia de incluir procesos ecol\u00f3gicos en la industria de la moda y dar a conocer al mercado paname\u00f1o los productos de los artistas emergentes. La actividad ser\u00e1 en el pasillo del Koala de Albrook Mall, desde el pr\u00f3ximo 30 de mayo hasta el 2 de junio de 2019.<\/p>\n<p>Nadkyi Duque, gerente del centro comercial, dijo que \u201clos visitantes podr\u00e1n disfrutar el derroche de talento que hay en el pa\u00eds. Este a\u00f1o venimos innovando, vamos a tener muestras de cine, festival gastron\u00f3mico y de teatro, por lo que vamos a tener mucho m\u00e1s que ver\u201d.<\/p>\n<p>Los organizadores revelaron que la entrada es gratis y se tomar\u00e1 en cuenta la opini\u00f3n del p\u00fablico para la escogencia del mejor dise\u00f1ador ecol\u00f3gico, la cual representar\u00e1 el 50% del resultado, el resto ser\u00e1 por jurado.<\/p>\n<p>&nbsp;<\/p>\n","protected":false},"excerpt":{"rendered":"<p>Por segunda vez la \u201cEco Week, moda, arte y cultura\u201d <a href=\"https:\/\/sertv.gob.pa\/crisolfm\/la-moda-ecoamigable-se-tomara-albrook-mall-desde-el-30-de-mayo\/\"> [&#8230;]<\/a><\/p>\n","protected":false},"author":64,"featured_media":19917,"comment_status":"closed","ping_status":"closed","sticky":false,"template":"","format":"standard","meta":{"footnotes":""},"categories":[7],"tags":[],"class_list":["post-19916","post","type-post","status-publish","format-standard","has-post-thumbnail","hentry","category-ecologicas"],"_links":{"self":[{"href":"https:\/\/sertv.gob.pa\/crisolfm\/wp-json\/wp\/v2\/posts\/19916","targetHints":{"allow":["GET"]}}],"collection":[{"href":"https:\/\/sertv.gob.pa\/crisolfm\/wp-json\/wp\/v2\/posts"}],"about":[{"href":"https:\/\/sertv.gob.pa\/crisolfm\/wp-json\/wp\/v2\/types\/post"}],"author":[{"embeddable":true,"href":"https:\/\/sertv.gob.pa\/crisolfm\/wp-json\/wp\/v2\/users\/64"}],"replies":[{"embeddable":true,"href":"https:\/\/sertv.gob.pa\/crisolfm\/wp-json\/wp\/v2\/comments?post=19916"}],"version-history":[{"count":1,"href":"https:\/\/sertv.gob.pa\/crisolfm\/wp-json\/wp\/v2\/posts\/19916\/revisions"}],"predecessor-version":[{"id":19918,"href":"https:\/\/sertv.gob.pa\/crisolfm\/wp-json\/wp\/v2\/posts\/19916\/revisions\/19918"}],"wp:featuredmedia":[{"embeddable":true,"href":"https:\/\/sertv.gob.pa\/crisolfm\/wp-json\/wp\/v2\/media\/19917"}],"wp:attachment":[{"href":"https:\/\/sertv.gob.pa\/crisolfm\/wp-json\/wp\/v2\/media?parent=19916"}],"wp:term":[{"taxonomy":"category","embeddable":true,"href":"https:\/\/sertv.gob.pa\/crisolfm\/wp-json\/wp\/v2\/categories?post=19916"},{"taxonomy":"post_tag","embeddable":true,"href":"https:\/\/sertv.gob.pa\/crisolfm\/wp-json\/wp\/v2\/tags?post=19916"}],"curies":[{"name":"wp","href":"https:\/\/api.w.org\/{rel}","templated":true}]}}