{"id":19919,"date":"2019-05-15T14:29:38","date_gmt":"2019-05-15T14:29:38","guid":{"rendered":"https:\/\/sertv.gob.pa\/crisolfm\/?p=19919"},"modified":"2019-05-15T14:29:38","modified_gmt":"2019-05-15T14:29:38","slug":"para-un-panama-con-menos-plastico-inicia-el-conteo-regresivo","status":"publish","type":"post","link":"https:\/\/sertv.gob.pa\/crisolfm\/para-un-panama-con-menos-plastico-inicia-el-conteo-regresivo\/","title":{"rendered":"Para un Panam\u00e1 con menos pl\u00e1stico inicia el conteo regresivo"},"content":{"rendered":"<p>Muchos los pa\u00edses que han tomado medidas para disminuir el uso del pl\u00e1stico desechable y con la Ley 1 del 19 de enero del 2018, Panam\u00e1, el primer pa\u00eds en tomar esta iniciativa en Centroam\u00e9rica, en prohibir las bolsas desechables de polietileno para el transporte de mercanc\u00edas en comercios minoristas y mayoristas. A partir del 20 de julio del 2019 entrar\u00e1 en vigencia la regulaci\u00f3n para los comercios minoristas.<\/p>\n<p>Con el fin de preparar a la comunidad en general y a menos de 3 meses del inicio formal de esta imprescindible pol\u00edtica ambiental, la Asociaci\u00f3n Nacional para la Conservaci\u00f3n de la Naturaleza (ANCON) y Reloj\u00edn inauguran el conteo regresivo para la prohibici\u00f3n de las bolsas pl\u00e1sticas de polietileno.\u00a0 El reloj del Parque Urrac\u00e1 servir\u00e1 de recordatorio para\u00a0continuar promoviendo el uso de bolsas reutilizables como una soluci\u00f3n sostenible para transportar las compras en comercios.\u00a0\u00a0El conteo regresivo terminar\u00e1 el pr\u00f3ximo 20 de julio, fecha en la que entrar\u00e1 en vigencia la regulaci\u00f3n y nos despedimos as\u00ed de las bolsas pl\u00e1sticas de polietileno.<\/p>\n<p>Esta\u00a0Ley no ser\u00e1 aplicada cuando se tenga que usar para alimentos e insumos h\u00famedos elaborados o preelaborados y entrar\u00e1 en vigencia para los comercios mayoristas el 20 de enero de 2020.<\/p>\n<p>&nbsp;<\/p>\n<p>&nbsp;<\/p>\n","protected":false},"excerpt":{"rendered":"<p>Muchos los pa\u00edses que han tomado medidas para disminuir el <a href=\"https:\/\/sertv.gob.pa\/crisolfm\/para-un-panama-con-menos-plastico-inicia-el-conteo-regresivo\/\"> [&#8230;]<\/a><\/p>\n","protected":false},"author":64,"featured_media":19920,"comment_status":"closed","ping_status":"closed","sticky":false,"template":"","format":"standard","meta":{"footnotes":""},"categories":[7],"tags":[],"class_list":["post-19919","post","type-post","status-publish","format-standard","has-post-thumbnail","hentry","category-ecologicas"],"_links":{"self":[{"href":"https:\/\/sertv.gob.pa\/crisolfm\/wp-json\/wp\/v2\/posts\/19919","targetHints":{"allow":["GET"]}}],"collection":[{"href":"https:\/\/sertv.gob.pa\/crisolfm\/wp-json\/wp\/v2\/posts"}],"about":[{"href":"https:\/\/sertv.gob.pa\/crisolfm\/wp-json\/wp\/v2\/types\/post"}],"author":[{"embeddable":true,"href":"https:\/\/sertv.gob.pa\/crisolfm\/wp-json\/wp\/v2\/users\/64"}],"replies":[{"embeddable":true,"href":"https:\/\/sertv.gob.pa\/crisolfm\/wp-json\/wp\/v2\/comments?post=19919"}],"version-history":[{"count":1,"href":"https:\/\/sertv.gob.pa\/crisolfm\/wp-json\/wp\/v2\/posts\/19919\/revisions"}],"predecessor-version":[{"id":19921,"href":"https:\/\/sertv.gob.pa\/crisolfm\/wp-json\/wp\/v2\/posts\/19919\/revisions\/19921"}],"wp:featuredmedia":[{"embeddable":true,"href":"https:\/\/sertv.gob.pa\/crisolfm\/wp-json\/wp\/v2\/media\/19920"}],"wp:attachment":[{"href":"https:\/\/sertv.gob.pa\/crisolfm\/wp-json\/wp\/v2\/media?parent=19919"}],"wp:term":[{"taxonomy":"category","embeddable":true,"href":"https:\/\/sertv.gob.pa\/crisolfm\/wp-json\/wp\/v2\/categories?post=19919"},{"taxonomy":"post_tag","embeddable":true,"href":"https:\/\/sertv.gob.pa\/crisolfm\/wp-json\/wp\/v2\/tags?post=19919"}],"curies":[{"name":"wp","href":"https:\/\/api.w.org\/{rel}","templated":true}]}}