{"id":19958,"date":"2019-05-16T14:29:44","date_gmt":"2019-05-16T14:29:44","guid":{"rendered":"https:\/\/sertv.gob.pa\/crisolfm\/?p=19958"},"modified":"2019-05-16T14:29:44","modified_gmt":"2019-05-16T14:29:44","slug":"concentracion-de-co2-en-atmosfera-alcanza-record-de-415-ppm-por-primera-vez-desde-hace-3-millones-de-anos","status":"publish","type":"post","link":"https:\/\/sertv.gob.pa\/crisolfm\/concentracion-de-co2-en-atmosfera-alcanza-record-de-415-ppm-por-primera-vez-desde-hace-3-millones-de-anos\/","title":{"rendered":"Concentraci\u00f3n de CO2 en atm\u00f3sfera alcanza r\u00e9cord de 415 ppm, por primera vez desde hace 3 millones de a\u00f1os"},"content":{"rendered":"<p>La concentraci\u00f3n media diaria de di\u00f3xido de carbono (CO2) en la atm\u00f3sfera alcanz\u00f3 en abril un nivel r\u00e9cord de 415 partes por mill\u00f3n (ppm), un valor hist\u00f3rico que no se alcanzaba desde hace 3 millones de a\u00f1os, es decir, antes de que el hombre habitara la tierra. El dato se ha alcanzado en el Observatorio de Vigilancia Atmosf\u00e9rica de Iza\u00f1a, en Tenerife, durante el mes de abril y, adem\u00e1s, el observatorio de Mauna Loa (Hawai, Estados Unidos) alcanz\u00f3 tambi\u00e9n a principios de mayo este r\u00e9cord. El dato confirma la tendencia de aumento en la atm\u00f3sfera del volumen de CO2, un gas de efecto invernadero que agrava el cambio clim\u00e1tico.<\/p>\n<p>El director del Centro de Investigaci\u00f3n Atmosf\u00e9rica de Iza\u00f1a de la Agencia Estatal de Meteorolog\u00eda (AEMET), Emilio Cuevas, ha subrayado a Europa Press que el ritmo de crecimiento interanual se ha acelerado un 30 por ciento en los \u00faltimos 35 a\u00f1os, ya que en 1984, cuando en Iza\u00f1a empezaron a medir <strong>las concentraciones de CO2<\/strong> el incremento interanual era de 1,8 ppm y en la actualidad, el aumento es de 2,3 ppm.<\/p>\n<p>\u00abEsto es relevante porque significa que <em>la concentraci\u00f3n en la atm\u00f3sfera de este gas que produce el calentamiento<\/em> se est\u00e1 acelerando y de momento estamos lejos de cualquier descenso, ya que est\u00e1 aumentando de forma espectacular\u00bb, ha advertido Cuevas. A este ritmo prev\u00e9 que el a\u00f1o que viene, en 2020, se superar\u00e1n las 418 partes por mill\u00f3n de CO2 y desea que \u00abojal\u00e1\u00bb en 2050 comience a observarse a nivel mundial \u00abal menos una estabilizaci\u00f3n\u00bb o que no siga aumentando al mismo ritmo. \u00abLa mera estabilizaci\u00f3n ser\u00eda ya un logro muy importante. Que cada a\u00f1o no suba es un reto\u00bb, ha insistido.<\/p>\n<p>ECOticias<\/p>\n","protected":false},"excerpt":{"rendered":"<p>La concentraci\u00f3n media diaria de di\u00f3xido de carbono (CO2) en <a href=\"https:\/\/sertv.gob.pa\/crisolfm\/concentracion-de-co2-en-atmosfera-alcanza-record-de-415-ppm-por-primera-vez-desde-hace-3-millones-de-anos\/\"> [&#8230;]<\/a><\/p>\n","protected":false},"author":64,"featured_media":19959,"comment_status":"closed","ping_status":"closed","sticky":false,"template":"","format":"standard","meta":{"footnotes":""},"categories":[7],"tags":[],"class_list":["post-19958","post","type-post","status-publish","format-standard","has-post-thumbnail","hentry","category-ecologicas"],"_links":{"self":[{"href":"https:\/\/sertv.gob.pa\/crisolfm\/wp-json\/wp\/v2\/posts\/19958","targetHints":{"allow":["GET"]}}],"collection":[{"href":"https:\/\/sertv.gob.pa\/crisolfm\/wp-json\/wp\/v2\/posts"}],"about":[{"href":"https:\/\/sertv.gob.pa\/crisolfm\/wp-json\/wp\/v2\/types\/post"}],"author":[{"embeddable":true,"href":"https:\/\/sertv.gob.pa\/crisolfm\/wp-json\/wp\/v2\/users\/64"}],"replies":[{"embeddable":true,"href":"https:\/\/sertv.gob.pa\/crisolfm\/wp-json\/wp\/v2\/comments?post=19958"}],"version-history":[{"count":1,"href":"https:\/\/sertv.gob.pa\/crisolfm\/wp-json\/wp\/v2\/posts\/19958\/revisions"}],"predecessor-version":[{"id":19960,"href":"https:\/\/sertv.gob.pa\/crisolfm\/wp-json\/wp\/v2\/posts\/19958\/revisions\/19960"}],"wp:featuredmedia":[{"embeddable":true,"href":"https:\/\/sertv.gob.pa\/crisolfm\/wp-json\/wp\/v2\/media\/19959"}],"wp:attachment":[{"href":"https:\/\/sertv.gob.pa\/crisolfm\/wp-json\/wp\/v2\/media?parent=19958"}],"wp:term":[{"taxonomy":"category","embeddable":true,"href":"https:\/\/sertv.gob.pa\/crisolfm\/wp-json\/wp\/v2\/categories?post=19958"},{"taxonomy":"post_tag","embeddable":true,"href":"https:\/\/sertv.gob.pa\/crisolfm\/wp-json\/wp\/v2\/tags?post=19958"}],"curies":[{"name":"wp","href":"https:\/\/api.w.org\/{rel}","templated":true}]}}