{"id":19971,"date":"2019-05-17T13:39:24","date_gmt":"2019-05-17T13:39:24","guid":{"rendered":"https:\/\/sertv.gob.pa\/crisolfm\/?p=19971"},"modified":"2019-05-17T13:39:24","modified_gmt":"2019-05-17T13:39:24","slug":"en-alfombra-roja-de-cannes-protestan-por-asesinato-de-cineasta-colombiano","status":"publish","type":"post","link":"https:\/\/sertv.gob.pa\/crisolfm\/en-alfombra-roja-de-cannes-protestan-por-asesinato-de-cineasta-colombiano\/","title":{"rendered":"En alfombra roja de Cannes protestan por asesinato de cineasta colombiano"},"content":{"rendered":"<p>El equipo de la pel\u00edcula colombiana Litigante y el director Ciro Guerra protagonizaron este jueves una protesta en la alfombra roja de Cannes contra el asesinato del cineasta Mauricio Lezama. Lezama, director y productor de cine local, fue asesinado la semana pasada mientras preparaba el rodaje de un cortometraje sobre v\u00edctimas de la violencia en el convulso noreste de Colombia.<\/p>\n<p>El cineasta recog\u00eda experiencias de vida de personas que han sufrido la guerra cuando hombres armados le dispararon en el municipio de Arauquita, en el departamento de Arauca, una zona petrolera de donde salen cargamentos de droga y contrabando hacia Venezuela.<\/p>\n<p>\u00abMauricio Lezama, cineasta asesinado en Colombia\u00bb, \u00abPaz\u00bb y \u00ab162 l\u00edderes asesinados en menos de un a\u00f1o\u00bb, se pod\u00eda leer en los carteles que mostraron el director Franco Lolli, acompa\u00f1ado de los int\u00e9rpretes de Litigante, entre ellos su madre, en la alfombra roja de Cannes, antes de la proyecci\u00f3n de gala de la pel\u00edcula de Ken Loach Sorry We Missed You.<\/p>\n<p>AFP<\/p>\n","protected":false},"excerpt":{"rendered":"<p>El equipo de la pel\u00edcula colombiana Litigante y el director <a href=\"https:\/\/sertv.gob.pa\/crisolfm\/en-alfombra-roja-de-cannes-protestan-por-asesinato-de-cineasta-colombiano\/\"> [&#8230;]<\/a><\/p>\n","protected":false},"author":64,"featured_media":19972,"comment_status":"closed","ping_status":"closed","sticky":false,"template":"","format":"standard","meta":{"footnotes":""},"categories":[6],"tags":[],"class_list":["post-19971","post","type-post","status-publish","format-standard","has-post-thumbnail","hentry","category-culturales"],"_links":{"self":[{"href":"https:\/\/sertv.gob.pa\/crisolfm\/wp-json\/wp\/v2\/posts\/19971","targetHints":{"allow":["GET"]}}],"collection":[{"href":"https:\/\/sertv.gob.pa\/crisolfm\/wp-json\/wp\/v2\/posts"}],"about":[{"href":"https:\/\/sertv.gob.pa\/crisolfm\/wp-json\/wp\/v2\/types\/post"}],"author":[{"embeddable":true,"href":"https:\/\/sertv.gob.pa\/crisolfm\/wp-json\/wp\/v2\/users\/64"}],"replies":[{"embeddable":true,"href":"https:\/\/sertv.gob.pa\/crisolfm\/wp-json\/wp\/v2\/comments?post=19971"}],"version-history":[{"count":1,"href":"https:\/\/sertv.gob.pa\/crisolfm\/wp-json\/wp\/v2\/posts\/19971\/revisions"}],"predecessor-version":[{"id":19973,"href":"https:\/\/sertv.gob.pa\/crisolfm\/wp-json\/wp\/v2\/posts\/19971\/revisions\/19973"}],"wp:featuredmedia":[{"embeddable":true,"href":"https:\/\/sertv.gob.pa\/crisolfm\/wp-json\/wp\/v2\/media\/19972"}],"wp:attachment":[{"href":"https:\/\/sertv.gob.pa\/crisolfm\/wp-json\/wp\/v2\/media?parent=19971"}],"wp:term":[{"taxonomy":"category","embeddable":true,"href":"https:\/\/sertv.gob.pa\/crisolfm\/wp-json\/wp\/v2\/categories?post=19971"},{"taxonomy":"post_tag","embeddable":true,"href":"https:\/\/sertv.gob.pa\/crisolfm\/wp-json\/wp\/v2\/tags?post=19971"}],"curies":[{"name":"wp","href":"https:\/\/api.w.org\/{rel}","templated":true}]}}