{"id":19983,"date":"2019-05-17T13:59:23","date_gmt":"2019-05-17T13:59:23","guid":{"rendered":"https:\/\/sertv.gob.pa\/crisolfm\/?p=19983"},"modified":"2019-05-17T13:59:23","modified_gmt":"2019-05-17T13:59:23","slug":"reunion-alusiva-al-dia-internacional-de-los-museos","status":"publish","type":"post","link":"https:\/\/sertv.gob.pa\/crisolfm\/reunion-alusiva-al-dia-internacional-de-los-museos\/","title":{"rendered":"Reuni\u00f3n alusiva al D\u00eda Internacional de los Museos"},"content":{"rendered":"<p>La fundaci\u00f3n Ciudad del Saber invita a la celebraci\u00f3n del D\u00eda Internacional de los Museos. En este espacio, las personas podr\u00e1n conocer la historia del Coronel Clynton.<\/p>\n<p>La cita es ma\u00f1ana, en el Centro de Interpretaci\u00f3n, edificio 173, a partir de las 11:00 de la ma\u00f1ana, hasta las 9:00 de la noche. La entrada es abierta a todo p\u00fablico.<\/p>\n<p>&nbsp;<\/p>\n","protected":false},"excerpt":{"rendered":"<p>La fundaci\u00f3n Ciudad del Saber invita a la celebraci\u00f3n del <a href=\"https:\/\/sertv.gob.pa\/crisolfm\/reunion-alusiva-al-dia-internacional-de-los-museos\/\"> [&#8230;]<\/a><\/p>\n","protected":false},"author":64,"featured_media":19984,"comment_status":"closed","ping_status":"closed","sticky":false,"template":"","format":"standard","meta":{"footnotes":""},"categories":[6],"tags":[],"class_list":["post-19983","post","type-post","status-publish","format-standard","has-post-thumbnail","hentry","category-culturales"],"_links":{"self":[{"href":"https:\/\/sertv.gob.pa\/crisolfm\/wp-json\/wp\/v2\/posts\/19983","targetHints":{"allow":["GET"]}}],"collection":[{"href":"https:\/\/sertv.gob.pa\/crisolfm\/wp-json\/wp\/v2\/posts"}],"about":[{"href":"https:\/\/sertv.gob.pa\/crisolfm\/wp-json\/wp\/v2\/types\/post"}],"author":[{"embeddable":true,"href":"https:\/\/sertv.gob.pa\/crisolfm\/wp-json\/wp\/v2\/users\/64"}],"replies":[{"embeddable":true,"href":"https:\/\/sertv.gob.pa\/crisolfm\/wp-json\/wp\/v2\/comments?post=19983"}],"version-history":[{"count":1,"href":"https:\/\/sertv.gob.pa\/crisolfm\/wp-json\/wp\/v2\/posts\/19983\/revisions"}],"predecessor-version":[{"id":19985,"href":"https:\/\/sertv.gob.pa\/crisolfm\/wp-json\/wp\/v2\/posts\/19983\/revisions\/19985"}],"wp:featuredmedia":[{"embeddable":true,"href":"https:\/\/sertv.gob.pa\/crisolfm\/wp-json\/wp\/v2\/media\/19984"}],"wp:attachment":[{"href":"https:\/\/sertv.gob.pa\/crisolfm\/wp-json\/wp\/v2\/media?parent=19983"}],"wp:term":[{"taxonomy":"category","embeddable":true,"href":"https:\/\/sertv.gob.pa\/crisolfm\/wp-json\/wp\/v2\/categories?post=19983"},{"taxonomy":"post_tag","embeddable":true,"href":"https:\/\/sertv.gob.pa\/crisolfm\/wp-json\/wp\/v2\/tags?post=19983"}],"curies":[{"name":"wp","href":"https:\/\/api.w.org\/{rel}","templated":true}]}}