{"id":19986,"date":"2019-05-17T14:04:57","date_gmt":"2019-05-17T14:04:57","guid":{"rendered":"https:\/\/sertv.gob.pa\/crisolfm\/?p=19986"},"modified":"2019-05-17T14:04:57","modified_gmt":"2019-05-17T14:04:57","slug":"exhibicion-que-destaca-el-arte-de-la-comarca-guna-yala","status":"publish","type":"post","link":"https:\/\/sertv.gob.pa\/crisolfm\/exhibicion-que-destaca-el-arte-de-la-comarca-guna-yala\/","title":{"rendered":"Exhibici\u00f3n que destaca el arte de la comarca Guna Yala"},"content":{"rendered":"<p>El Museo del Canal acoge, hasta el 30 de mayo, la exhibici\u00f3n \u2018Molas. Capas de Sabidur\u00eda&#8217;. Las piezas culturales son un reflejo de los 94 a\u00f1os de la Revoluci\u00f3n Dule, como igualmente del realce de las artesanas de la comarca Guna Yala.<\/p>\n<p>La actividad se realiza en v\u00edspera de las celebraciones de Panam\u00e1 como Capital Iberoamericana de la Cultura. Las visitas ser\u00e1n de martes a domingo, desde las 9:00 de la ma\u00f1ana hasta las 5:00 de la tarde. La entrada tiene un valor de $3.00.<\/p>\n<h4><\/h4>\n<p>&nbsp;<\/p>\n","protected":false},"excerpt":{"rendered":"<p>El Museo del Canal acoge, hasta el 30 de mayo, <a href=\"https:\/\/sertv.gob.pa\/crisolfm\/exhibicion-que-destaca-el-arte-de-la-comarca-guna-yala\/\"> [&#8230;]<\/a><\/p>\n","protected":false},"author":64,"featured_media":19987,"comment_status":"closed","ping_status":"closed","sticky":false,"template":"","format":"standard","meta":{"footnotes":""},"categories":[6],"tags":[],"class_list":["post-19986","post","type-post","status-publish","format-standard","has-post-thumbnail","hentry","category-culturales"],"_links":{"self":[{"href":"https:\/\/sertv.gob.pa\/crisolfm\/wp-json\/wp\/v2\/posts\/19986","targetHints":{"allow":["GET"]}}],"collection":[{"href":"https:\/\/sertv.gob.pa\/crisolfm\/wp-json\/wp\/v2\/posts"}],"about":[{"href":"https:\/\/sertv.gob.pa\/crisolfm\/wp-json\/wp\/v2\/types\/post"}],"author":[{"embeddable":true,"href":"https:\/\/sertv.gob.pa\/crisolfm\/wp-json\/wp\/v2\/users\/64"}],"replies":[{"embeddable":true,"href":"https:\/\/sertv.gob.pa\/crisolfm\/wp-json\/wp\/v2\/comments?post=19986"}],"version-history":[{"count":1,"href":"https:\/\/sertv.gob.pa\/crisolfm\/wp-json\/wp\/v2\/posts\/19986\/revisions"}],"predecessor-version":[{"id":19988,"href":"https:\/\/sertv.gob.pa\/crisolfm\/wp-json\/wp\/v2\/posts\/19986\/revisions\/19988"}],"wp:featuredmedia":[{"embeddable":true,"href":"https:\/\/sertv.gob.pa\/crisolfm\/wp-json\/wp\/v2\/media\/19987"}],"wp:attachment":[{"href":"https:\/\/sertv.gob.pa\/crisolfm\/wp-json\/wp\/v2\/media?parent=19986"}],"wp:term":[{"taxonomy":"category","embeddable":true,"href":"https:\/\/sertv.gob.pa\/crisolfm\/wp-json\/wp\/v2\/categories?post=19986"},{"taxonomy":"post_tag","embeddable":true,"href":"https:\/\/sertv.gob.pa\/crisolfm\/wp-json\/wp\/v2\/tags?post=19986"}],"curies":[{"name":"wp","href":"https:\/\/api.w.org\/{rel}","templated":true}]}}