{"id":19998,"date":"2019-05-17T14:45:04","date_gmt":"2019-05-17T14:45:04","guid":{"rendered":"https:\/\/sertv.gob.pa\/crisolfm\/?p=19998"},"modified":"2019-05-17T14:45:04","modified_gmt":"2019-05-17T14:45:04","slug":"enel-green-power-inaugura-en-alemania-planta-de-almacenamiento-de-22-mw","status":"publish","type":"post","link":"https:\/\/sertv.gob.pa\/crisolfm\/enel-green-power-inaugura-en-alemania-planta-de-almacenamiento-de-22-mw\/","title":{"rendered":"Enel Green Power inaugura en Alemania planta de almacenamiento de 22 MW"},"content":{"rendered":"<p>Enel Green Power (EGP), a trav\u00e9s de su filial alemana, el operador germano de energ\u00eda renovable Enertrag y la empresa suiza de soluciones de almacenamiento de energ\u00eda Leclanch\u00e9 han inaugurado una instalaci\u00f3n de <strong>almacenamiento de 22 megavatios (MW)<\/strong> en Cremzow, ciudad ubicada en el Estado alem\u00e1n de Brandenburgo.<\/p>\n<p><em>Este sistema de almacenamiento<\/em>, cuya inversi\u00f3n ha ascendido a unos 17 millones de euros, contribuye a la estabilizaci\u00f3n de la red el\u00e9ctrica alemana al proporcionar servicios de regulaci\u00f3n de frecuencia al mercado de Reserva de Control Primario (PCR, por sus siglas en ingl\u00e9s), indic\u00f3 la filial de Enel.<\/p>\n<p>El consejero delegado de Enel Green Power, Antonio Cammisecra, se\u00f1al\u00f3 que la planta de Cremzow destaca \u00abc\u00f3mo <strong>los sistemas de almacenamiento<\/strong> se est\u00e1n \u00abconvirtiendo en una parte integral de los sistemas de energ\u00eda renovable, ayudando a aumentar su confiabilidad, flexibilidad y estabilidad\u00bb.<\/p>\n<p>ECOticias<\/p>\n","protected":false},"excerpt":{"rendered":"<p>Enel Green Power (EGP), a trav\u00e9s de su filial alemana, <a href=\"https:\/\/sertv.gob.pa\/crisolfm\/enel-green-power-inaugura-en-alemania-planta-de-almacenamiento-de-22-mw\/\"> [&#8230;]<\/a><\/p>\n","protected":false},"author":64,"featured_media":19999,"comment_status":"closed","ping_status":"closed","sticky":false,"template":"","format":"standard","meta":{"footnotes":""},"categories":[7],"tags":[],"class_list":["post-19998","post","type-post","status-publish","format-standard","has-post-thumbnail","hentry","category-ecologicas"],"_links":{"self":[{"href":"https:\/\/sertv.gob.pa\/crisolfm\/wp-json\/wp\/v2\/posts\/19998","targetHints":{"allow":["GET"]}}],"collection":[{"href":"https:\/\/sertv.gob.pa\/crisolfm\/wp-json\/wp\/v2\/posts"}],"about":[{"href":"https:\/\/sertv.gob.pa\/crisolfm\/wp-json\/wp\/v2\/types\/post"}],"author":[{"embeddable":true,"href":"https:\/\/sertv.gob.pa\/crisolfm\/wp-json\/wp\/v2\/users\/64"}],"replies":[{"embeddable":true,"href":"https:\/\/sertv.gob.pa\/crisolfm\/wp-json\/wp\/v2\/comments?post=19998"}],"version-history":[{"count":1,"href":"https:\/\/sertv.gob.pa\/crisolfm\/wp-json\/wp\/v2\/posts\/19998\/revisions"}],"predecessor-version":[{"id":20000,"href":"https:\/\/sertv.gob.pa\/crisolfm\/wp-json\/wp\/v2\/posts\/19998\/revisions\/20000"}],"wp:featuredmedia":[{"embeddable":true,"href":"https:\/\/sertv.gob.pa\/crisolfm\/wp-json\/wp\/v2\/media\/19999"}],"wp:attachment":[{"href":"https:\/\/sertv.gob.pa\/crisolfm\/wp-json\/wp\/v2\/media?parent=19998"}],"wp:term":[{"taxonomy":"category","embeddable":true,"href":"https:\/\/sertv.gob.pa\/crisolfm\/wp-json\/wp\/v2\/categories?post=19998"},{"taxonomy":"post_tag","embeddable":true,"href":"https:\/\/sertv.gob.pa\/crisolfm\/wp-json\/wp\/v2\/tags?post=19998"}],"curies":[{"name":"wp","href":"https:\/\/api.w.org\/{rel}","templated":true}]}}