{"id":20007,"date":"2019-05-17T15:34:50","date_gmt":"2019-05-17T15:34:50","guid":{"rendered":"https:\/\/sertv.gob.pa\/crisolfm\/?p=20007"},"modified":"2019-05-17T15:34:50","modified_gmt":"2019-05-17T15:34:50","slug":"mareas-altas-en-el-pacifico-hasta-el-proximo-lunes-20","status":"publish","type":"post","link":"https:\/\/sertv.gob.pa\/crisolfm\/mareas-altas-en-el-pacifico-hasta-el-proximo-lunes-20\/","title":{"rendered":"Mareas altas en el Pac\u00edfico hasta el pr\u00f3ximo lunes 20"},"content":{"rendered":"<p>El <strong>Sistema Nacional de Protecci\u00f3n Civil (Sinaproc) <\/strong>emiti\u00f3 un <strong>aviso de prevenci\u00f3n<\/strong> por <strong>altas mareas<\/strong> que <strong>alcanzar\u00e1n 17 pies de altura (5.8m)<\/strong> en el sector <strong>Pac\u00edfico de Panam\u00e1.<\/strong> Esta <strong>advertencia tiene un periodo v\u00e1lido del 16 al 20 de mayo.<\/strong><\/p>\n<p>El estamento de socorrismo r<strong>ecord\u00f3 a la poblaci\u00f3n que de coincidir marea alta con lluvia<\/strong>, h<strong>abr\u00eda probabilidad de inundaciones en zonas de riesgo. <\/strong>El <strong>Sinaproc mantendr\u00e1 monitoreos en caso de emergencias.<\/strong><\/p>\n<p>&nbsp;<\/p>\n","protected":false},"excerpt":{"rendered":"<p>El Sistema Nacional de Protecci\u00f3n Civil (Sinaproc) emiti\u00f3 un aviso <a href=\"https:\/\/sertv.gob.pa\/crisolfm\/mareas-altas-en-el-pacifico-hasta-el-proximo-lunes-20\/\"> [&#8230;]<\/a><\/p>\n","protected":false},"author":64,"featured_media":20008,"comment_status":"closed","ping_status":"closed","sticky":false,"template":"","format":"standard","meta":{"footnotes":""},"categories":[7],"tags":[],"class_list":["post-20007","post","type-post","status-publish","format-standard","has-post-thumbnail","hentry","category-ecologicas"],"_links":{"self":[{"href":"https:\/\/sertv.gob.pa\/crisolfm\/wp-json\/wp\/v2\/posts\/20007","targetHints":{"allow":["GET"]}}],"collection":[{"href":"https:\/\/sertv.gob.pa\/crisolfm\/wp-json\/wp\/v2\/posts"}],"about":[{"href":"https:\/\/sertv.gob.pa\/crisolfm\/wp-json\/wp\/v2\/types\/post"}],"author":[{"embeddable":true,"href":"https:\/\/sertv.gob.pa\/crisolfm\/wp-json\/wp\/v2\/users\/64"}],"replies":[{"embeddable":true,"href":"https:\/\/sertv.gob.pa\/crisolfm\/wp-json\/wp\/v2\/comments?post=20007"}],"version-history":[{"count":1,"href":"https:\/\/sertv.gob.pa\/crisolfm\/wp-json\/wp\/v2\/posts\/20007\/revisions"}],"predecessor-version":[{"id":20009,"href":"https:\/\/sertv.gob.pa\/crisolfm\/wp-json\/wp\/v2\/posts\/20007\/revisions\/20009"}],"wp:featuredmedia":[{"embeddable":true,"href":"https:\/\/sertv.gob.pa\/crisolfm\/wp-json\/wp\/v2\/media\/20008"}],"wp:attachment":[{"href":"https:\/\/sertv.gob.pa\/crisolfm\/wp-json\/wp\/v2\/media?parent=20007"}],"wp:term":[{"taxonomy":"category","embeddable":true,"href":"https:\/\/sertv.gob.pa\/crisolfm\/wp-json\/wp\/v2\/categories?post=20007"},{"taxonomy":"post_tag","embeddable":true,"href":"https:\/\/sertv.gob.pa\/crisolfm\/wp-json\/wp\/v2\/tags?post=20007"}],"curies":[{"name":"wp","href":"https:\/\/api.w.org\/{rel}","templated":true}]}}