{"id":20019,"date":"2019-05-20T14:52:35","date_gmt":"2019-05-20T14:52:35","guid":{"rendered":"https:\/\/sertv.gob.pa\/crisolfm\/?p=20019"},"modified":"2019-05-20T14:52:35","modified_gmt":"2019-05-20T14:52:35","slug":"africa-en-america-deja-mas-cultura-y-educacion","status":"publish","type":"post","link":"https:\/\/sertv.gob.pa\/crisolfm\/africa-en-america-deja-mas-cultura-y-educacion\/","title":{"rendered":"\u201c\u00c1frica en Am\u00e9rica\u201d deja m\u00e1s cultura y educaci\u00f3n"},"content":{"rendered":"<p>Alexandra Schjelderup, directora de Cultura de la Alcald\u00eda de Panam\u00e1, dio a conocer que el cierre del festival \u201c\u00c1frica en Am\u00e9rica\u201d estar\u00e1 a cargo del reconocido grupo de comp\u00e1s haitiano \u201cTabou Combo\u201d y, por primera vez, Jupiter &amp; Okwess cantar\u00e1 en Panam\u00e1 desde El Congo. Actividad que se realizar\u00e1 el s\u00e1bado 25 de mayo. \u201cLa fiesta es parte, la comida tambi\u00e9n porque todo funciona en la cultura, por lo que vamos a cerrar el festival con un parrand\u00f3n que para nosotros ser\u00e1 algo m\u00e1gico, porque vamos a hacer un ejercicio de integraci\u00f3n regional desde lo afro\u201d, manifest\u00f3 Schjelderup.<\/p>\n<p>Ma\u00f1ana martes se efectuar\u00e1 la conferencia sobre afro destacados a nivel mundial, en la Facultad de Humanidades de la Universidad de Panam\u00e1 a las 9:00 de la ma\u00f1ana. El mi\u00e9rcoles, en el teatro Gladys Vidal, hablar\u00e1n sobre los \u201cRetos de la ruta de esclavo: una conversaci\u00f3n desde las artes y los espacios culturales\u201d, a cargo de Sheyla Walker, antrop\u00f3loga y cineasta, a las 6:00 p.m. El jueves 23, el Paraninfo universitario, se vestir\u00e1 de cultura desde las 10:00 a.m., con el Afro Fest Estudiantil, evento que ser\u00e1 gratuito.<\/p>\n","protected":false},"excerpt":{"rendered":"<p>Alexandra Schjelderup, directora de Cultura de la Alcald\u00eda de Panam\u00e1, <a href=\"https:\/\/sertv.gob.pa\/crisolfm\/africa-en-america-deja-mas-cultura-y-educacion\/\"> [&#8230;]<\/a><\/p>\n","protected":false},"author":64,"featured_media":20020,"comment_status":"closed","ping_status":"closed","sticky":false,"template":"","format":"standard","meta":{"footnotes":""},"categories":[6],"tags":[],"class_list":["post-20019","post","type-post","status-publish","format-standard","has-post-thumbnail","hentry","category-culturales"],"_links":{"self":[{"href":"https:\/\/sertv.gob.pa\/crisolfm\/wp-json\/wp\/v2\/posts\/20019","targetHints":{"allow":["GET"]}}],"collection":[{"href":"https:\/\/sertv.gob.pa\/crisolfm\/wp-json\/wp\/v2\/posts"}],"about":[{"href":"https:\/\/sertv.gob.pa\/crisolfm\/wp-json\/wp\/v2\/types\/post"}],"author":[{"embeddable":true,"href":"https:\/\/sertv.gob.pa\/crisolfm\/wp-json\/wp\/v2\/users\/64"}],"replies":[{"embeddable":true,"href":"https:\/\/sertv.gob.pa\/crisolfm\/wp-json\/wp\/v2\/comments?post=20019"}],"version-history":[{"count":1,"href":"https:\/\/sertv.gob.pa\/crisolfm\/wp-json\/wp\/v2\/posts\/20019\/revisions"}],"predecessor-version":[{"id":20021,"href":"https:\/\/sertv.gob.pa\/crisolfm\/wp-json\/wp\/v2\/posts\/20019\/revisions\/20021"}],"wp:featuredmedia":[{"embeddable":true,"href":"https:\/\/sertv.gob.pa\/crisolfm\/wp-json\/wp\/v2\/media\/20020"}],"wp:attachment":[{"href":"https:\/\/sertv.gob.pa\/crisolfm\/wp-json\/wp\/v2\/media?parent=20019"}],"wp:term":[{"taxonomy":"category","embeddable":true,"href":"https:\/\/sertv.gob.pa\/crisolfm\/wp-json\/wp\/v2\/categories?post=20019"},{"taxonomy":"post_tag","embeddable":true,"href":"https:\/\/sertv.gob.pa\/crisolfm\/wp-json\/wp\/v2\/tags?post=20019"}],"curies":[{"name":"wp","href":"https:\/\/api.w.org\/{rel}","templated":true}]}}