{"id":20028,"date":"2019-05-20T15:40:40","date_gmt":"2019-05-20T15:40:40","guid":{"rendered":"https:\/\/sertv.gob.pa\/crisolfm\/?p=20028"},"modified":"2019-05-20T15:40:40","modified_gmt":"2019-05-20T15:40:40","slug":"peru-tendra-impuesto-al-plastico-de-un-solo-uso-y-cobrara-por-uso-de-bolsas","status":"publish","type":"post","link":"https:\/\/sertv.gob.pa\/crisolfm\/peru-tendra-impuesto-al-plastico-de-un-solo-uso-y-cobrara-por-uso-de-bolsas\/","title":{"rendered":"Per\u00fa tendr\u00e1 impuesto al pl\u00e1stico de un solo uso y cobrar\u00e1 por uso de bolsas"},"content":{"rendered":"<p>La Ley que regula el pl\u00e1stico de un solo uso y los recipientes descartables en Per\u00fa contar\u00e1 desde junio pr\u00f3ximo con su respectivo reglamento que incluir\u00e1 el pago de impuestos y el cobro por las bolsas en los comercios, se\u00f1al\u00f3 este domingo la ministra del Ambiente peruana, Luc\u00eda Ruiz. \u00abEn junio estamos teniendo el reglamento, porque algo que dice esa norma es que al pl\u00e1stico de un solo uso se le va a poner un impuesto, pero adem\u00e1s se va empezar a cobrar por ellas\u00bb, se\u00f1al\u00f3 la titular del Ambiente, luego de participar en la ceremonia del sexto aniversario de las Agroferias Campesinas, una feria de agricultores que se ubica en el lime\u00f1o distrito de Magdalena.<\/p>\n<p>\u00abEn muchos lugares del mundo se cobra por la bolsa. Eso va a empezar a ocurrir a partir de agosto en Per\u00fa\u00bb, apunt\u00f3 Ruiz, quien destac\u00f3 que la ciudadan\u00eda est\u00e1 convencida de la necesidad de dejar de usar pl\u00e1stico de un solo uso, pero que a\u00fan con el terreno ya ganado, se deber\u00e1 amplificar la difusi\u00f3n del mensaje \u00abmenos pl\u00e1stico, m\u00e1s vida\u00bb. \u00abEsta ley tiene una particularidad, no nace para que la cumplas. Naci\u00f3 porque la gente ya estaba dejando de usar pl\u00e1stico, se puso la camiseta de menos pl\u00e1stico, m\u00e1s vida. Por eso el proyecto fue aprobado por unanimidad en el Congreso\u00bb, anot\u00f3.<\/p>\n<p>EFE<\/p>\n","protected":false},"excerpt":{"rendered":"<p>La Ley que regula el pl\u00e1stico de un solo uso <a href=\"https:\/\/sertv.gob.pa\/crisolfm\/peru-tendra-impuesto-al-plastico-de-un-solo-uso-y-cobrara-por-uso-de-bolsas\/\"> [&#8230;]<\/a><\/p>\n","protected":false},"author":64,"featured_media":20029,"comment_status":"closed","ping_status":"closed","sticky":false,"template":"","format":"standard","meta":{"footnotes":""},"categories":[7],"tags":[],"class_list":["post-20028","post","type-post","status-publish","format-standard","has-post-thumbnail","hentry","category-ecologicas"],"_links":{"self":[{"href":"https:\/\/sertv.gob.pa\/crisolfm\/wp-json\/wp\/v2\/posts\/20028","targetHints":{"allow":["GET"]}}],"collection":[{"href":"https:\/\/sertv.gob.pa\/crisolfm\/wp-json\/wp\/v2\/posts"}],"about":[{"href":"https:\/\/sertv.gob.pa\/crisolfm\/wp-json\/wp\/v2\/types\/post"}],"author":[{"embeddable":true,"href":"https:\/\/sertv.gob.pa\/crisolfm\/wp-json\/wp\/v2\/users\/64"}],"replies":[{"embeddable":true,"href":"https:\/\/sertv.gob.pa\/crisolfm\/wp-json\/wp\/v2\/comments?post=20028"}],"version-history":[{"count":1,"href":"https:\/\/sertv.gob.pa\/crisolfm\/wp-json\/wp\/v2\/posts\/20028\/revisions"}],"predecessor-version":[{"id":20030,"href":"https:\/\/sertv.gob.pa\/crisolfm\/wp-json\/wp\/v2\/posts\/20028\/revisions\/20030"}],"wp:featuredmedia":[{"embeddable":true,"href":"https:\/\/sertv.gob.pa\/crisolfm\/wp-json\/wp\/v2\/media\/20029"}],"wp:attachment":[{"href":"https:\/\/sertv.gob.pa\/crisolfm\/wp-json\/wp\/v2\/media?parent=20028"}],"wp:term":[{"taxonomy":"category","embeddable":true,"href":"https:\/\/sertv.gob.pa\/crisolfm\/wp-json\/wp\/v2\/categories?post=20028"},{"taxonomy":"post_tag","embeddable":true,"href":"https:\/\/sertv.gob.pa\/crisolfm\/wp-json\/wp\/v2\/tags?post=20028"}],"curies":[{"name":"wp","href":"https:\/\/api.w.org\/{rel}","templated":true}]}}