{"id":20031,"date":"2019-05-20T15:43:31","date_gmt":"2019-05-20T15:43:31","guid":{"rendered":"https:\/\/sertv.gob.pa\/crisolfm\/?p=20031"},"modified":"2019-05-20T15:43:31","modified_gmt":"2019-05-20T15:43:31","slug":"mar-de-fondo-dice-presente","status":"publish","type":"post","link":"https:\/\/sertv.gob.pa\/crisolfm\/mar-de-fondo-dice-presente\/","title":{"rendered":"Mar de fondo dice presente"},"content":{"rendered":"<p>Tal como se esperaba, <strong>el mar entr\u00f3 en poblados costeros como Farall\u00f3n, en la provincia de Cocl\u00e9<\/strong>, y aunque no caus\u00f3 afectaciones mayores, <strong>gener\u00f3 preocupaci\u00f3n en dicha comunidad<\/strong>, debido a que el <strong>mar de fondo continuar\u00e1 hasta el pr\u00f3ximo mi\u00e9rcoles. En la ciudad capital se registraron inundaciones en algunas avenidas del corregimiento de Bella Vista.<\/strong><\/p>\n<p><strong>La alerta verde emitida por el Sinaproc se mantiene en todo el litoral Pac\u00edfico, as\u00ed como en el norte de Veraguas <\/strong>y se solicita a la poblaci\u00f3n evitar llevar a cabo cualquier evento al aire libre, ante la presencia de actividad tormentosa.<\/p>\n","protected":false},"excerpt":{"rendered":"<p>Tal como se esperaba, el mar entr\u00f3 en poblados costeros <a href=\"https:\/\/sertv.gob.pa\/crisolfm\/mar-de-fondo-dice-presente\/\"> [&#8230;]<\/a><\/p>\n","protected":false},"author":64,"featured_media":20032,"comment_status":"closed","ping_status":"closed","sticky":false,"template":"","format":"standard","meta":{"footnotes":""},"categories":[7],"tags":[],"class_list":["post-20031","post","type-post","status-publish","format-standard","has-post-thumbnail","hentry","category-ecologicas"],"_links":{"self":[{"href":"https:\/\/sertv.gob.pa\/crisolfm\/wp-json\/wp\/v2\/posts\/20031","targetHints":{"allow":["GET"]}}],"collection":[{"href":"https:\/\/sertv.gob.pa\/crisolfm\/wp-json\/wp\/v2\/posts"}],"about":[{"href":"https:\/\/sertv.gob.pa\/crisolfm\/wp-json\/wp\/v2\/types\/post"}],"author":[{"embeddable":true,"href":"https:\/\/sertv.gob.pa\/crisolfm\/wp-json\/wp\/v2\/users\/64"}],"replies":[{"embeddable":true,"href":"https:\/\/sertv.gob.pa\/crisolfm\/wp-json\/wp\/v2\/comments?post=20031"}],"version-history":[{"count":1,"href":"https:\/\/sertv.gob.pa\/crisolfm\/wp-json\/wp\/v2\/posts\/20031\/revisions"}],"predecessor-version":[{"id":20033,"href":"https:\/\/sertv.gob.pa\/crisolfm\/wp-json\/wp\/v2\/posts\/20031\/revisions\/20033"}],"wp:featuredmedia":[{"embeddable":true,"href":"https:\/\/sertv.gob.pa\/crisolfm\/wp-json\/wp\/v2\/media\/20032"}],"wp:attachment":[{"href":"https:\/\/sertv.gob.pa\/crisolfm\/wp-json\/wp\/v2\/media?parent=20031"}],"wp:term":[{"taxonomy":"category","embeddable":true,"href":"https:\/\/sertv.gob.pa\/crisolfm\/wp-json\/wp\/v2\/categories?post=20031"},{"taxonomy":"post_tag","embeddable":true,"href":"https:\/\/sertv.gob.pa\/crisolfm\/wp-json\/wp\/v2\/tags?post=20031"}],"curies":[{"name":"wp","href":"https:\/\/api.w.org\/{rel}","templated":true}]}}