{"id":20034,"date":"2019-05-20T15:48:02","date_gmt":"2019-05-20T15:48:02","guid":{"rendered":"https:\/\/sertv.gob.pa\/crisolfm\/?p=20034"},"modified":"2019-05-20T15:48:02","modified_gmt":"2019-05-20T15:48:02","slug":"las-fuertes-lluvias-afectan-varios-vados-en-la-region-de-azuero","status":"publish","type":"post","link":"https:\/\/sertv.gob.pa\/crisolfm\/las-fuertes-lluvias-afectan-varios-vados-en-la-region-de-azuero\/","title":{"rendered":"Las fuertes lluvias afectan varios vados en la regi\u00f3n de Azuero"},"content":{"rendered":"<p>Las primeras lluvias intensas que han ca\u00eddo sobre algunas \u00e1reas de la<strong> regi\u00f3n de Azuero<\/strong> durante los \u00faltimos d\u00edas, han tenido consecuencias en <strong>vados y caminos<\/strong>, afectando a cientos de moradores. Inclusive, <strong>los moradores han reportado que vados que ya hab\u00edan sido afectados por inviernos de a\u00f1os anteriores<\/strong>, contin\u00faan representando un peligro, por lo que solicitan una pronta respuesta a las autoridades.<\/p>\n<p>Tal es el caso que viven a diario los<strong> residentes de las comunidades de El Cedro y Chup\u00e1, en el distrito de Macaracas<\/strong>, en la provincia de <strong>Los Santos, <\/strong>quienes se hallan sin un vado por donde cruzar desde el a\u00f1o 2017. Este vado fue arrastrado por una fuerte corriente del <strong>rio Estivan\u00e1<\/strong>, y desde entonces los moradores han esperado una soluci\u00f3n, sin \u00e9xito.\u00a0 Los residentes de estas comunidades tienen temor de que <strong>con la entrada de las lluvias, se les dificulte cruzar por el rio,<\/strong> tanto en carro como a pie, y que sus vidas corran peligro, por lo que piden a las autoridades hacer algo al respecto.<\/p>\n","protected":false},"excerpt":{"rendered":"<p>Las primeras lluvias intensas que han ca\u00eddo sobre algunas \u00e1reas <a href=\"https:\/\/sertv.gob.pa\/crisolfm\/las-fuertes-lluvias-afectan-varios-vados-en-la-region-de-azuero\/\"> [&#8230;]<\/a><\/p>\n","protected":false},"author":64,"featured_media":20035,"comment_status":"closed","ping_status":"closed","sticky":false,"template":"","format":"standard","meta":{"footnotes":""},"categories":[7],"tags":[],"class_list":["post-20034","post","type-post","status-publish","format-standard","has-post-thumbnail","hentry","category-ecologicas"],"_links":{"self":[{"href":"https:\/\/sertv.gob.pa\/crisolfm\/wp-json\/wp\/v2\/posts\/20034","targetHints":{"allow":["GET"]}}],"collection":[{"href":"https:\/\/sertv.gob.pa\/crisolfm\/wp-json\/wp\/v2\/posts"}],"about":[{"href":"https:\/\/sertv.gob.pa\/crisolfm\/wp-json\/wp\/v2\/types\/post"}],"author":[{"embeddable":true,"href":"https:\/\/sertv.gob.pa\/crisolfm\/wp-json\/wp\/v2\/users\/64"}],"replies":[{"embeddable":true,"href":"https:\/\/sertv.gob.pa\/crisolfm\/wp-json\/wp\/v2\/comments?post=20034"}],"version-history":[{"count":1,"href":"https:\/\/sertv.gob.pa\/crisolfm\/wp-json\/wp\/v2\/posts\/20034\/revisions"}],"predecessor-version":[{"id":20036,"href":"https:\/\/sertv.gob.pa\/crisolfm\/wp-json\/wp\/v2\/posts\/20034\/revisions\/20036"}],"wp:featuredmedia":[{"embeddable":true,"href":"https:\/\/sertv.gob.pa\/crisolfm\/wp-json\/wp\/v2\/media\/20035"}],"wp:attachment":[{"href":"https:\/\/sertv.gob.pa\/crisolfm\/wp-json\/wp\/v2\/media?parent=20034"}],"wp:term":[{"taxonomy":"category","embeddable":true,"href":"https:\/\/sertv.gob.pa\/crisolfm\/wp-json\/wp\/v2\/categories?post=20034"},{"taxonomy":"post_tag","embeddable":true,"href":"https:\/\/sertv.gob.pa\/crisolfm\/wp-json\/wp\/v2\/tags?post=20034"}],"curies":[{"name":"wp","href":"https:\/\/api.w.org\/{rel}","templated":true}]}}