{"id":20037,"date":"2019-05-20T15:52:45","date_gmt":"2019-05-20T15:52:45","guid":{"rendered":"https:\/\/sertv.gob.pa\/crisolfm\/?p=20037"},"modified":"2019-05-20T15:52:45","modified_gmt":"2019-05-20T15:52:45","slug":"dia-mundial-de-las-abejas","status":"publish","type":"post","link":"https:\/\/sertv.gob.pa\/crisolfm\/dia-mundial-de-las-abejas\/","title":{"rendered":"D\u00eda Mundial de las Abejas"},"content":{"rendered":"<p>Con motivo del el D\u00eda Mundial de las Abejas (20 de mayo) y del D\u00eda Mundial de la Biodiversidad (22 de mayo), Ecologistas en Acci\u00f3n advierte de la importante regresi\u00f3n de las poblaciones de insectos polinizadores. La organizaci\u00f3n ecologista reclama a las administraciones espa\u00f1olas que adopten medidas urgentes para asegurar la conservaci\u00f3n de estos animales, ya que la reducci\u00f3n de la polinizaci\u00f3n pone en riesgo la biodiversidad pero tambi\u00e9n los m\u00faltiples beneficios que generan, como la producci\u00f3n de nuestros alimentos.<\/p>\n<p>La polinizacio\u0301n constituye un proceso fundamental en los ecosistemas terrestres. Es vital para la conservaci\u00f3n de los ecosistemas y para la producci\u00f3n de alimentos. Se calcula que el 87,5 % (aproximadamente 308.000 especies) de las plantas silvestres con flores del mundo dependen, al menos parcialmente, de la polinizaci\u00f3n realizada por animales.<\/p>\n<p>La polinizaci\u00f3n genera tambi\u00e9n m\u00faltiples beneficios para las personas, destacando la obtenci\u00f3n de alimentos. En Espa\u00f1a alrededor del 70 % de los cultivos para consumo humano dependen de los insectos que desarrollan la polinizaci\u00f3n. Adem\u00e1s, nos ofrecen <strong>otros productos como miel<\/strong>, cera o medicamentos y contribuyen directamente a la producci\u00f3n de fibras como el algod\u00f3n y el lino o materiales de construcci\u00f3n como la madera.<\/p>\n<p>ECOticias<\/p>\n","protected":false},"excerpt":{"rendered":"<p>Con motivo del el D\u00eda Mundial de las Abejas (20 <a href=\"https:\/\/sertv.gob.pa\/crisolfm\/dia-mundial-de-las-abejas\/\"> [&#8230;]<\/a><\/p>\n","protected":false},"author":64,"featured_media":20038,"comment_status":"closed","ping_status":"closed","sticky":false,"template":"","format":"standard","meta":{"footnotes":""},"categories":[7],"tags":[],"class_list":["post-20037","post","type-post","status-publish","format-standard","has-post-thumbnail","hentry","category-ecologicas"],"_links":{"self":[{"href":"https:\/\/sertv.gob.pa\/crisolfm\/wp-json\/wp\/v2\/posts\/20037","targetHints":{"allow":["GET"]}}],"collection":[{"href":"https:\/\/sertv.gob.pa\/crisolfm\/wp-json\/wp\/v2\/posts"}],"about":[{"href":"https:\/\/sertv.gob.pa\/crisolfm\/wp-json\/wp\/v2\/types\/post"}],"author":[{"embeddable":true,"href":"https:\/\/sertv.gob.pa\/crisolfm\/wp-json\/wp\/v2\/users\/64"}],"replies":[{"embeddable":true,"href":"https:\/\/sertv.gob.pa\/crisolfm\/wp-json\/wp\/v2\/comments?post=20037"}],"version-history":[{"count":1,"href":"https:\/\/sertv.gob.pa\/crisolfm\/wp-json\/wp\/v2\/posts\/20037\/revisions"}],"predecessor-version":[{"id":20039,"href":"https:\/\/sertv.gob.pa\/crisolfm\/wp-json\/wp\/v2\/posts\/20037\/revisions\/20039"}],"wp:featuredmedia":[{"embeddable":true,"href":"https:\/\/sertv.gob.pa\/crisolfm\/wp-json\/wp\/v2\/media\/20038"}],"wp:attachment":[{"href":"https:\/\/sertv.gob.pa\/crisolfm\/wp-json\/wp\/v2\/media?parent=20037"}],"wp:term":[{"taxonomy":"category","embeddable":true,"href":"https:\/\/sertv.gob.pa\/crisolfm\/wp-json\/wp\/v2\/categories?post=20037"},{"taxonomy":"post_tag","embeddable":true,"href":"https:\/\/sertv.gob.pa\/crisolfm\/wp-json\/wp\/v2\/tags?post=20037"}],"curies":[{"name":"wp","href":"https:\/\/api.w.org\/{rel}","templated":true}]}}