{"id":20047,"date":"2019-05-21T13:38:50","date_gmt":"2019-05-21T13:38:50","guid":{"rendered":"https:\/\/sertv.gob.pa\/crisolfm\/?p=20047"},"modified":"2019-05-21T13:38:50","modified_gmt":"2019-05-21T13:38:50","slug":"cultura-congo-y-sus-avances-en-la-sociedad-en-la-casa-de-santa-ana","status":"publish","type":"post","link":"https:\/\/sertv.gob.pa\/crisolfm\/cultura-congo-y-sus-avances-en-la-sociedad-en-la-casa-de-santa-ana\/","title":{"rendered":"Cultura congo y sus avances en la sociedad en La Casa de Santa Ana"},"content":{"rendered":"<p>La Casa de Santa Ana, organizaci\u00f3n dedicada a promover el pensamiento creativo, organiza el conversatorio \u2018Arte y comunidad. Portobelo, los congos y Sandra Eleta&#8217;. En este encuentro se expondr\u00e1 sobre la reciente incorporaci\u00f3n de la cultura congo como Patrimonio Cultural Inmaterial de la Humanidad, declarado por la Organizaci\u00f3n de las Naciones Unidas (ONU) para la Educaci\u00f3n, la Ciencia y la Cultura.<\/p>\n<p>Sandra Eleta, M\u00f3nica Kupfer, Gustavo Esquina, Emma G\u00f3mez ser\u00e1n algunos de los invitados. La cita ser\u00e1 ma\u00f1ana mi\u00e9rcoles, 22 de mayo, a las 7:00p.m. La entrada es abierta a todo p\u00fablico.<\/p>\n","protected":false},"excerpt":{"rendered":"<p>La Casa de Santa Ana, organizaci\u00f3n dedicada a promover el <a href=\"https:\/\/sertv.gob.pa\/crisolfm\/cultura-congo-y-sus-avances-en-la-sociedad-en-la-casa-de-santa-ana\/\"> [&#8230;]<\/a><\/p>\n","protected":false},"author":64,"featured_media":20048,"comment_status":"closed","ping_status":"closed","sticky":false,"template":"","format":"standard","meta":{"footnotes":""},"categories":[6],"tags":[],"class_list":["post-20047","post","type-post","status-publish","format-standard","has-post-thumbnail","hentry","category-culturales"],"_links":{"self":[{"href":"https:\/\/sertv.gob.pa\/crisolfm\/wp-json\/wp\/v2\/posts\/20047","targetHints":{"allow":["GET"]}}],"collection":[{"href":"https:\/\/sertv.gob.pa\/crisolfm\/wp-json\/wp\/v2\/posts"}],"about":[{"href":"https:\/\/sertv.gob.pa\/crisolfm\/wp-json\/wp\/v2\/types\/post"}],"author":[{"embeddable":true,"href":"https:\/\/sertv.gob.pa\/crisolfm\/wp-json\/wp\/v2\/users\/64"}],"replies":[{"embeddable":true,"href":"https:\/\/sertv.gob.pa\/crisolfm\/wp-json\/wp\/v2\/comments?post=20047"}],"version-history":[{"count":1,"href":"https:\/\/sertv.gob.pa\/crisolfm\/wp-json\/wp\/v2\/posts\/20047\/revisions"}],"predecessor-version":[{"id":20049,"href":"https:\/\/sertv.gob.pa\/crisolfm\/wp-json\/wp\/v2\/posts\/20047\/revisions\/20049"}],"wp:featuredmedia":[{"embeddable":true,"href":"https:\/\/sertv.gob.pa\/crisolfm\/wp-json\/wp\/v2\/media\/20048"}],"wp:attachment":[{"href":"https:\/\/sertv.gob.pa\/crisolfm\/wp-json\/wp\/v2\/media?parent=20047"}],"wp:term":[{"taxonomy":"category","embeddable":true,"href":"https:\/\/sertv.gob.pa\/crisolfm\/wp-json\/wp\/v2\/categories?post=20047"},{"taxonomy":"post_tag","embeddable":true,"href":"https:\/\/sertv.gob.pa\/crisolfm\/wp-json\/wp\/v2\/tags?post=20047"}],"curies":[{"name":"wp","href":"https:\/\/api.w.org\/{rel}","templated":true}]}}