{"id":20050,"date":"2019-05-21T13:49:46","date_gmt":"2019-05-21T13:49:46","guid":{"rendered":"https:\/\/sertv.gob.pa\/crisolfm\/?p=20050"},"modified":"2019-05-21T13:49:46","modified_gmt":"2019-05-21T13:49:46","slug":"en-mac-se-dictaran-clases-de-arteterapia-para-adultos-mayores","status":"publish","type":"post","link":"https:\/\/sertv.gob.pa\/crisolfm\/en-mac-se-dictaran-clases-de-arteterapia-para-adultos-mayores\/","title":{"rendered":"En MAC se dictar\u00e1n clases de arteterapia para adultos mayores"},"content":{"rendered":"<p>El Museo de Arte Contempor\u00e1neo llevar\u00e1 a cabo, en su sede, el taller \u2018Dibujos que curan&#8217;, un espacio de arteterapia para adultos mayores. Pilar Moreno ser\u00e1 la encargada de dictar las lecciones.<\/p>\n<p>Las fechas disponibles son 23 y 30 de mayo, y 1 de junio, de 6:30 de la tarde hasta las 9:30 de la noche. La inscripci\u00f3n tiene un valor de $130. Para m\u00e1s informaci\u00f3n, escribir a \u2018proyectosmac@macpanama.org&#8217;.<\/p>\n<p>&nbsp;<\/p>\n","protected":false},"excerpt":{"rendered":"<p>El Museo de Arte Contempor\u00e1neo llevar\u00e1 a cabo, en su <a href=\"https:\/\/sertv.gob.pa\/crisolfm\/en-mac-se-dictaran-clases-de-arteterapia-para-adultos-mayores\/\"> [&#8230;]<\/a><\/p>\n","protected":false},"author":64,"featured_media":20051,"comment_status":"closed","ping_status":"closed","sticky":false,"template":"","format":"standard","meta":{"footnotes":""},"categories":[6],"tags":[],"class_list":["post-20050","post","type-post","status-publish","format-standard","has-post-thumbnail","hentry","category-culturales"],"_links":{"self":[{"href":"https:\/\/sertv.gob.pa\/crisolfm\/wp-json\/wp\/v2\/posts\/20050","targetHints":{"allow":["GET"]}}],"collection":[{"href":"https:\/\/sertv.gob.pa\/crisolfm\/wp-json\/wp\/v2\/posts"}],"about":[{"href":"https:\/\/sertv.gob.pa\/crisolfm\/wp-json\/wp\/v2\/types\/post"}],"author":[{"embeddable":true,"href":"https:\/\/sertv.gob.pa\/crisolfm\/wp-json\/wp\/v2\/users\/64"}],"replies":[{"embeddable":true,"href":"https:\/\/sertv.gob.pa\/crisolfm\/wp-json\/wp\/v2\/comments?post=20050"}],"version-history":[{"count":1,"href":"https:\/\/sertv.gob.pa\/crisolfm\/wp-json\/wp\/v2\/posts\/20050\/revisions"}],"predecessor-version":[{"id":20052,"href":"https:\/\/sertv.gob.pa\/crisolfm\/wp-json\/wp\/v2\/posts\/20050\/revisions\/20052"}],"wp:featuredmedia":[{"embeddable":true,"href":"https:\/\/sertv.gob.pa\/crisolfm\/wp-json\/wp\/v2\/media\/20051"}],"wp:attachment":[{"href":"https:\/\/sertv.gob.pa\/crisolfm\/wp-json\/wp\/v2\/media?parent=20050"}],"wp:term":[{"taxonomy":"category","embeddable":true,"href":"https:\/\/sertv.gob.pa\/crisolfm\/wp-json\/wp\/v2\/categories?post=20050"},{"taxonomy":"post_tag","embeddable":true,"href":"https:\/\/sertv.gob.pa\/crisolfm\/wp-json\/wp\/v2\/tags?post=20050"}],"curies":[{"name":"wp","href":"https:\/\/api.w.org\/{rel}","templated":true}]}}