{"id":2006,"date":"2015-03-30T16:16:29","date_gmt":"2015-03-30T16:16:29","guid":{"rendered":""},"modified":"2015-03-30T16:16:29","modified_gmt":"2015-03-30T16:16:29","slug":"martanoemi-noriega-y-sus-murales","status":"publish","type":"post","link":"https:\/\/sertv.gob.pa\/crisolfm\/martanoemi-noriega-y-sus-murales\/","title":{"rendered":"Martanoem\u00ed Noriega y sus murales"},"content":{"rendered":"<p>\nMira la pared trasera de la casita en el  Parque Municipal Summit  y se siente satisfecha. Han pasado cuatro meses desde que  Martanoem\u00ed Noriega  comenz\u00f3 a pintar el mural, de hombres bailando, y ya est\u00e1 listo para mostrarlo terminado. <\/p>\n<p>\u00a0La primera cr\u00edtica le llega de labios de un ni\u00f1o: \u00abTe qued\u00f3 bien, pero hubiese quedado mejor si en vez de eso hubieras pintado una gallina azul y una negra\u00bb. <\/p>\n<p>Corr\u00eda el a\u00f1o 2005. \u00a0 Martanoem\u00ed  cuenta la an\u00e9cdota ahora, con una sonrisa amplia. El que acababa de terminar era el primero de los muchos murales que pintar\u00eda despu\u00e9s. Ese momento marc\u00f3 su vida. <\/p>\n<p>\u00abEse mural, que era parte del proyecto de Sembrarte, fue, ahora lo s\u00e9, muy importante para lo que estaba\u00a0pasando en ese momento\u00bb, dice la artista, que en el presente intenta acercar a los transe\u00fantes al arte y a la literatura a trav\u00e9s de unos 15 muros con sus trazos, acompa\u00f1ados de versos de escritores paname\u00f1os. <\/p>\n<p>De la experiencia, lo que m\u00e1s disfruta es poder hablar con las personas que pasan y la ven haciendo su trabajo. <\/p>\n<p>\u00abClaro que me encanta pasar y decir, &#8216;mira, eso lo pint\u00e9 yo&#8217;, pero es otro tipo de placer. Creo que de todo lo que me voy a acordar, cuando tenga 90 a\u00f1os, si es que llego all\u00e1, es de lo que pasaba durante la elaboraci\u00f3n\u00bb,\u00a0admite. <\/p>\n<p>Es por eso que su mural m\u00e1s reciente, el de la  Revoluci\u00f3n Dule \u00a0(en el Mercado de Abastos), lo considera \u00aba nivel humano, indudablemente el mejor mural que yo he pintado en toda mi vida. No por el acabado sino por la experiencia de pintarlo ah\u00ed, con toda la gente que pasa por ese lugar\u00bb, expresa. <\/p>\n<p>Y es que encontr\u00f3 en la calle una galer\u00eda en la que los espectadores no se coh\u00edben para opinar de su trabajo e interactuar con ella. \u00abNo hay espacio en donde yo me sienta m\u00e1s apreciada como artista que en la calle&rdquo;, dice ahora, pero hubo momentos en que la imagen del artista que expone en galer\u00edas y lo que ella hac\u00eda no concordaban. <\/p>\n<p>\u00a0 <\/p>\n","protected":false},"excerpt":{"rendered":"<p>Mira la pared trasera de la casita en el Parque <a href=\"https:\/\/sertv.gob.pa\/crisolfm\/martanoemi-noriega-y-sus-murales\/\"> [&#8230;]<\/a><\/p>\n","protected":false},"author":1,"featured_media":2007,"comment_status":"closed","ping_status":"closed","sticky":false,"template":"","format":"standard","meta":{"footnotes":""},"categories":[6],"tags":[],"class_list":["post-2006","post","type-post","status-publish","format-standard","has-post-thumbnail","hentry","category-culturales"],"_links":{"self":[{"href":"https:\/\/sertv.gob.pa\/crisolfm\/wp-json\/wp\/v2\/posts\/2006","targetHints":{"allow":["GET"]}}],"collection":[{"href":"https:\/\/sertv.gob.pa\/crisolfm\/wp-json\/wp\/v2\/posts"}],"about":[{"href":"https:\/\/sertv.gob.pa\/crisolfm\/wp-json\/wp\/v2\/types\/post"}],"author":[{"embeddable":true,"href":"https:\/\/sertv.gob.pa\/crisolfm\/wp-json\/wp\/v2\/users\/1"}],"replies":[{"embeddable":true,"href":"https:\/\/sertv.gob.pa\/crisolfm\/wp-json\/wp\/v2\/comments?post=2006"}],"version-history":[{"count":0,"href":"https:\/\/sertv.gob.pa\/crisolfm\/wp-json\/wp\/v2\/posts\/2006\/revisions"}],"wp:featuredmedia":[{"embeddable":true,"href":"https:\/\/sertv.gob.pa\/crisolfm\/wp-json\/wp\/v2\/media\/2007"}],"wp:attachment":[{"href":"https:\/\/sertv.gob.pa\/crisolfm\/wp-json\/wp\/v2\/media?parent=2006"}],"wp:term":[{"taxonomy":"category","embeddable":true,"href":"https:\/\/sertv.gob.pa\/crisolfm\/wp-json\/wp\/v2\/categories?post=2006"},{"taxonomy":"post_tag","embeddable":true,"href":"https:\/\/sertv.gob.pa\/crisolfm\/wp-json\/wp\/v2\/tags?post=2006"}],"curies":[{"name":"wp","href":"https:\/\/api.w.org\/{rel}","templated":true}]}}