{"id":20072,"date":"2019-05-21T14:46:03","date_gmt":"2019-05-21T14:46:03","guid":{"rendered":"https:\/\/sertv.gob.pa\/crisolfm\/?p=20072"},"modified":"2019-05-21T14:46:03","modified_gmt":"2019-05-21T14:46:03","slug":"el-festival-de-cannes-un-inmenso-despilfarro-ecologico","status":"publish","type":"post","link":"https:\/\/sertv.gob.pa\/crisolfm\/el-festival-de-cannes-un-inmenso-despilfarro-ecologico\/","title":{"rendered":"El Festival de Cannes, un &#8216;inmenso despilfarro ecol\u00f3gico&#8217;"},"content":{"rendered":"<p>Detr\u00e1s de los focos y la alfombra roja, el Festival de Cannes esconde una realidad menos glamurosa: despegues de jets privados, enormes yates en el puerto y kilos de comida en la basura&#8230; Un \u00abinmenso despilfarro\u00bb para las asociaciones ecologistas.<\/p>\n<p>\u00abSin duda queda mucho trabajo por hacer en la organizaci\u00f3n del festival para que sea m\u00e1s ecol\u00f3gico\u00bb, lament\u00f3 en Cannes el director franc\u00e9s y activista Cyril Dion, lanzando un grito de alarma en el mundo del cine para actuar contra la crisis del medioambiente.<\/p>\n<p>Durante 12 d\u00edas, la ciudad se engalana para recibir a cineastas y estrellas de todo el mundo, pero la Asociaci\u00f3n para la Defensa del Medioambiente y la Naturaleza (ADEN) asegura que detr\u00e1s de esta imagen glamurosa, este festival excepcional conlleva tambi\u00e9n una contaminaci\u00f3n desmesurada.<\/p>\n<p>AFP<\/p>\n","protected":false},"excerpt":{"rendered":"<p>Detr\u00e1s de los focos y la alfombra roja, el Festival <a href=\"https:\/\/sertv.gob.pa\/crisolfm\/el-festival-de-cannes-un-inmenso-despilfarro-ecologico\/\"> [&#8230;]<\/a><\/p>\n","protected":false},"author":64,"featured_media":20073,"comment_status":"closed","ping_status":"closed","sticky":false,"template":"","format":"standard","meta":{"footnotes":""},"categories":[7],"tags":[],"class_list":["post-20072","post","type-post","status-publish","format-standard","has-post-thumbnail","hentry","category-ecologicas"],"_links":{"self":[{"href":"https:\/\/sertv.gob.pa\/crisolfm\/wp-json\/wp\/v2\/posts\/20072","targetHints":{"allow":["GET"]}}],"collection":[{"href":"https:\/\/sertv.gob.pa\/crisolfm\/wp-json\/wp\/v2\/posts"}],"about":[{"href":"https:\/\/sertv.gob.pa\/crisolfm\/wp-json\/wp\/v2\/types\/post"}],"author":[{"embeddable":true,"href":"https:\/\/sertv.gob.pa\/crisolfm\/wp-json\/wp\/v2\/users\/64"}],"replies":[{"embeddable":true,"href":"https:\/\/sertv.gob.pa\/crisolfm\/wp-json\/wp\/v2\/comments?post=20072"}],"version-history":[{"count":1,"href":"https:\/\/sertv.gob.pa\/crisolfm\/wp-json\/wp\/v2\/posts\/20072\/revisions"}],"predecessor-version":[{"id":20074,"href":"https:\/\/sertv.gob.pa\/crisolfm\/wp-json\/wp\/v2\/posts\/20072\/revisions\/20074"}],"wp:featuredmedia":[{"embeddable":true,"href":"https:\/\/sertv.gob.pa\/crisolfm\/wp-json\/wp\/v2\/media\/20073"}],"wp:attachment":[{"href":"https:\/\/sertv.gob.pa\/crisolfm\/wp-json\/wp\/v2\/media?parent=20072"}],"wp:term":[{"taxonomy":"category","embeddable":true,"href":"https:\/\/sertv.gob.pa\/crisolfm\/wp-json\/wp\/v2\/categories?post=20072"},{"taxonomy":"post_tag","embeddable":true,"href":"https:\/\/sertv.gob.pa\/crisolfm\/wp-json\/wp\/v2\/tags?post=20072"}],"curies":[{"name":"wp","href":"https:\/\/api.w.org\/{rel}","templated":true}]}}