{"id":20087,"date":"2019-05-21T19:56:55","date_gmt":"2019-05-21T19:56:55","guid":{"rendered":"https:\/\/sertv.gob.pa\/crisolfm\/?p=20087"},"modified":"2019-05-21T19:56:55","modified_gmt":"2019-05-21T19:56:55","slug":"inauguran-el-museo-de-la-libertad-y-los-derechos-humanos","status":"publish","type":"post","link":"https:\/\/sertv.gob.pa\/crisolfm\/inauguran-el-museo-de-la-libertad-y-los-derechos-humanos\/","title":{"rendered":"Inauguran el Museo de la Libertad y los derechos humanos"},"content":{"rendered":"<p>En horas de la ma\u00f1ana se realiz\u00f3 la inauguraci\u00f3n del primer pabell\u00f3n del Museo de la Libertad y los Derechos Humano: Un Museo de la Democracia, ubicado en Amador.<\/p>\n<p>Este Museo se conocer\u00e1 popularmente como el \u00abMuseo Libertad\u00bb. Es el proyecto insignia de la Fundaci\u00f3n Democracia y Libertad, una asociaci\u00f3n sin fines de lucro que fue creada en el 2010 con el compromiso de promover la cultura democr\u00e1tica, los principios de libertad, y el respeto de los derechos humanos, con un prop\u00f3sito principalmente acad\u00e9mico y educativo.<\/p>\n<p>Cabe destacar que la galer\u00eda\u00a0tiene como objetivo, educar sobre el concepto de derechos humanos y las violaciones a este derecho.<\/p>\n<p>&nbsp;<\/p>\n","protected":false},"excerpt":{"rendered":"<p>En horas de la ma\u00f1ana se realiz\u00f3 la inauguraci\u00f3n del <a href=\"https:\/\/sertv.gob.pa\/crisolfm\/inauguran-el-museo-de-la-libertad-y-los-derechos-humanos\/\"> [&#8230;]<\/a><\/p>\n","protected":false},"author":64,"featured_media":20088,"comment_status":"closed","ping_status":"closed","sticky":false,"template":"","format":"standard","meta":{"footnotes":""},"categories":[6],"tags":[],"class_list":["post-20087","post","type-post","status-publish","format-standard","has-post-thumbnail","hentry","category-culturales"],"_links":{"self":[{"href":"https:\/\/sertv.gob.pa\/crisolfm\/wp-json\/wp\/v2\/posts\/20087","targetHints":{"allow":["GET"]}}],"collection":[{"href":"https:\/\/sertv.gob.pa\/crisolfm\/wp-json\/wp\/v2\/posts"}],"about":[{"href":"https:\/\/sertv.gob.pa\/crisolfm\/wp-json\/wp\/v2\/types\/post"}],"author":[{"embeddable":true,"href":"https:\/\/sertv.gob.pa\/crisolfm\/wp-json\/wp\/v2\/users\/64"}],"replies":[{"embeddable":true,"href":"https:\/\/sertv.gob.pa\/crisolfm\/wp-json\/wp\/v2\/comments?post=20087"}],"version-history":[{"count":1,"href":"https:\/\/sertv.gob.pa\/crisolfm\/wp-json\/wp\/v2\/posts\/20087\/revisions"}],"predecessor-version":[{"id":20089,"href":"https:\/\/sertv.gob.pa\/crisolfm\/wp-json\/wp\/v2\/posts\/20087\/revisions\/20089"}],"wp:featuredmedia":[{"embeddable":true,"href":"https:\/\/sertv.gob.pa\/crisolfm\/wp-json\/wp\/v2\/media\/20088"}],"wp:attachment":[{"href":"https:\/\/sertv.gob.pa\/crisolfm\/wp-json\/wp\/v2\/media?parent=20087"}],"wp:term":[{"taxonomy":"category","embeddable":true,"href":"https:\/\/sertv.gob.pa\/crisolfm\/wp-json\/wp\/v2\/categories?post=20087"},{"taxonomy":"post_tag","embeddable":true,"href":"https:\/\/sertv.gob.pa\/crisolfm\/wp-json\/wp\/v2\/tags?post=20087"}],"curies":[{"name":"wp","href":"https:\/\/api.w.org\/{rel}","templated":true}]}}