{"id":20093,"date":"2019-05-22T13:39:06","date_gmt":"2019-05-22T13:39:06","guid":{"rendered":"https:\/\/sertv.gob.pa\/crisolfm\/?p=20093"},"modified":"2019-05-22T13:39:06","modified_gmt":"2019-05-22T13:39:06","slug":"un-espacio-dedicado-a-los-afrodescendientes-en-la-biblioteca-nacional","status":"publish","type":"post","link":"https:\/\/sertv.gob.pa\/crisolfm\/un-espacio-dedicado-a-los-afrodescendientes-en-la-biblioteca-nacional\/","title":{"rendered":"Un espacio dedicado a los afrodescendientes en la Biblioteca Nacional"},"content":{"rendered":"<p>La Biblioteca Nacional de Panam\u00e1 Ernesto J. Castillero organiza para este 25 de mayo el evento \u2018Nigromancy volumen dos. Un espacio para encontrarnos con nuestras ra\u00edces&#8217;.<\/p>\n<p>En este encuentro alusivo a las celebraciones del mes de la Etnia Negra el p\u00fablico podr\u00e1 disfrutar de un taller pr\u00e1ctico sobre el uso del turbante, dictado por Vicente Williams, el mismo cuenta con un costo de inscripci\u00f3n de $5. Habr\u00e1 venta de gastronom\u00eda y proyecciones de cintas cinematogr\u00e1ficas.<\/p>\n<p>Los interesados podr\u00e1n acercarse desde las 10:00 de la ma\u00f1ana hasta las 2:00 de la tarde. La entrada es abierta a todo p\u00fablico.<\/p>\n<p>&nbsp;<\/p>\n<p>&nbsp;<\/p>\n","protected":false},"excerpt":{"rendered":"<p>La Biblioteca Nacional de Panam\u00e1 Ernesto J. Castillero organiza para <a href=\"https:\/\/sertv.gob.pa\/crisolfm\/un-espacio-dedicado-a-los-afrodescendientes-en-la-biblioteca-nacional\/\"> [&#8230;]<\/a><\/p>\n","protected":false},"author":64,"featured_media":20094,"comment_status":"closed","ping_status":"closed","sticky":false,"template":"","format":"standard","meta":{"footnotes":""},"categories":[6],"tags":[],"class_list":["post-20093","post","type-post","status-publish","format-standard","has-post-thumbnail","hentry","category-culturales"],"_links":{"self":[{"href":"https:\/\/sertv.gob.pa\/crisolfm\/wp-json\/wp\/v2\/posts\/20093","targetHints":{"allow":["GET"]}}],"collection":[{"href":"https:\/\/sertv.gob.pa\/crisolfm\/wp-json\/wp\/v2\/posts"}],"about":[{"href":"https:\/\/sertv.gob.pa\/crisolfm\/wp-json\/wp\/v2\/types\/post"}],"author":[{"embeddable":true,"href":"https:\/\/sertv.gob.pa\/crisolfm\/wp-json\/wp\/v2\/users\/64"}],"replies":[{"embeddable":true,"href":"https:\/\/sertv.gob.pa\/crisolfm\/wp-json\/wp\/v2\/comments?post=20093"}],"version-history":[{"count":1,"href":"https:\/\/sertv.gob.pa\/crisolfm\/wp-json\/wp\/v2\/posts\/20093\/revisions"}],"predecessor-version":[{"id":20095,"href":"https:\/\/sertv.gob.pa\/crisolfm\/wp-json\/wp\/v2\/posts\/20093\/revisions\/20095"}],"wp:featuredmedia":[{"embeddable":true,"href":"https:\/\/sertv.gob.pa\/crisolfm\/wp-json\/wp\/v2\/media\/20094"}],"wp:attachment":[{"href":"https:\/\/sertv.gob.pa\/crisolfm\/wp-json\/wp\/v2\/media?parent=20093"}],"wp:term":[{"taxonomy":"category","embeddable":true,"href":"https:\/\/sertv.gob.pa\/crisolfm\/wp-json\/wp\/v2\/categories?post=20093"},{"taxonomy":"post_tag","embeddable":true,"href":"https:\/\/sertv.gob.pa\/crisolfm\/wp-json\/wp\/v2\/tags?post=20093"}],"curies":[{"name":"wp","href":"https:\/\/api.w.org\/{rel}","templated":true}]}}