{"id":20099,"date":"2019-05-22T13:49:35","date_gmt":"2019-05-22T13:49:35","guid":{"rendered":"https:\/\/sertv.gob.pa\/crisolfm\/?p=20099"},"modified":"2019-05-22T13:49:35","modified_gmt":"2019-05-22T13:49:35","slug":"miambiente-conmemora-dia-del-arbol-con-llenado-de-bolsas-para-plantones","status":"publish","type":"post","link":"https:\/\/sertv.gob.pa\/crisolfm\/miambiente-conmemora-dia-del-arbol-con-llenado-de-bolsas-para-plantones\/","title":{"rendered":"MiAmbiente conmemora D\u00eda del \u00c1rbol con llenado de bolsas para plantones"},"content":{"rendered":"<p style=\"text-align: justify\">El personal t\u00e9cnico y administrativo del Ministerio de Ambiente (MiAmbiente), de la regional de Chiriqu\u00ed, llev\u00f3 a cabo una jornada de llenado de bolsas en conmemoraci\u00f3n al D\u00eda del \u00c1rbol; fecha que se celebra en el pa\u00eds desde 1967.<\/p>\n<p style=\"text-align: justify\">Al concluir la labor se llenaron 1,500 bolsas, las cuales ser\u00e1n usadas para la producci\u00f3n de plantones en el vivero institucional que permita la restauraci\u00f3n de zonas degradadas y protecci\u00f3n de las cuencas hidrogr\u00e1ficas.<\/p>\n<p style=\"text-align: justify\">En Panam\u00e1, el D\u00eda del \u00c1rbol se celebra el tercer viernes del mes de mayo con motivo de promover la protecci\u00f3n y reforestaci\u00f3n de bosques en todo el pa\u00eds, fue establecido mediante el Decreto Ejecutivo N\u00b0265 del \u00d3rgano Ejecutivo fijado el 11 de mayo de 1967.<\/p>\n<p style=\"text-align: justify\">\n","protected":false},"excerpt":{"rendered":"<p>El personal t\u00e9cnico y administrativo del Ministerio de Ambiente (MiAmbiente), <a href=\"https:\/\/sertv.gob.pa\/crisolfm\/miambiente-conmemora-dia-del-arbol-con-llenado-de-bolsas-para-plantones\/\"> [&#8230;]<\/a><\/p>\n","protected":false},"author":64,"featured_media":20100,"comment_status":"closed","ping_status":"closed","sticky":false,"template":"","format":"standard","meta":{"footnotes":""},"categories":[7],"tags":[],"class_list":["post-20099","post","type-post","status-publish","format-standard","has-post-thumbnail","hentry","category-ecologicas"],"_links":{"self":[{"href":"https:\/\/sertv.gob.pa\/crisolfm\/wp-json\/wp\/v2\/posts\/20099","targetHints":{"allow":["GET"]}}],"collection":[{"href":"https:\/\/sertv.gob.pa\/crisolfm\/wp-json\/wp\/v2\/posts"}],"about":[{"href":"https:\/\/sertv.gob.pa\/crisolfm\/wp-json\/wp\/v2\/types\/post"}],"author":[{"embeddable":true,"href":"https:\/\/sertv.gob.pa\/crisolfm\/wp-json\/wp\/v2\/users\/64"}],"replies":[{"embeddable":true,"href":"https:\/\/sertv.gob.pa\/crisolfm\/wp-json\/wp\/v2\/comments?post=20099"}],"version-history":[{"count":1,"href":"https:\/\/sertv.gob.pa\/crisolfm\/wp-json\/wp\/v2\/posts\/20099\/revisions"}],"predecessor-version":[{"id":20101,"href":"https:\/\/sertv.gob.pa\/crisolfm\/wp-json\/wp\/v2\/posts\/20099\/revisions\/20101"}],"wp:featuredmedia":[{"embeddable":true,"href":"https:\/\/sertv.gob.pa\/crisolfm\/wp-json\/wp\/v2\/media\/20100"}],"wp:attachment":[{"href":"https:\/\/sertv.gob.pa\/crisolfm\/wp-json\/wp\/v2\/media?parent=20099"}],"wp:term":[{"taxonomy":"category","embeddable":true,"href":"https:\/\/sertv.gob.pa\/crisolfm\/wp-json\/wp\/v2\/categories?post=20099"},{"taxonomy":"post_tag","embeddable":true,"href":"https:\/\/sertv.gob.pa\/crisolfm\/wp-json\/wp\/v2\/tags?post=20099"}],"curies":[{"name":"wp","href":"https:\/\/api.w.org\/{rel}","templated":true}]}}