{"id":20105,"date":"2019-05-22T13:59:21","date_gmt":"2019-05-22T13:59:21","guid":{"rendered":"https:\/\/sertv.gob.pa\/crisolfm\/?p=20105"},"modified":"2019-05-22T13:59:21","modified_gmt":"2019-05-22T13:59:21","slug":"un-dia-familiar-en-el-centro-cultural-de-panama-viejo","status":"publish","type":"post","link":"https:\/\/sertv.gob.pa\/crisolfm\/un-dia-familiar-en-el-centro-cultural-de-panama-viejo\/","title":{"rendered":"Un d\u00eda familiar en el centro cultural de Panam\u00e1 Viejo"},"content":{"rendered":"<p style=\"text-align: justify\">El sitio Arqueol\u00f3gico de Panam\u00e1 Viejo anuncia su nueva jornada de puertas abiertas que involucra visitas al Museo de la Plaza Mayor y a dos de sus exhibiciones temporales: \u2018El Golfo Mediterr\u00e1neo de Panam\u00e1&#8217; y \u2018Camina el autor&#8217;; al mismo tiempo, recorridos a la ruina arqueol\u00f3gica. Adem\u00e1s, presentar\u00e1 un espect\u00e1culo de danza y teatro en el Convento de las Monjas.<\/p>\n<p style=\"text-align: justify\">El acceso ser\u00e1 libre desde las 9:00 de la ma\u00f1ana hasta las 1:00 de la tarde de este 26 de mayo. Entrada general.<\/p>\n<p style=\"text-align: justify\">\n","protected":false},"excerpt":{"rendered":"<p>El sitio Arqueol\u00f3gico de Panam\u00e1 Viejo anuncia su nueva jornada <a href=\"https:\/\/sertv.gob.pa\/crisolfm\/un-dia-familiar-en-el-centro-cultural-de-panama-viejo\/\"> [&#8230;]<\/a><\/p>\n","protected":false},"author":64,"featured_media":20106,"comment_status":"closed","ping_status":"closed","sticky":false,"template":"","format":"standard","meta":{"footnotes":""},"categories":[6],"tags":[],"class_list":["post-20105","post","type-post","status-publish","format-standard","has-post-thumbnail","hentry","category-culturales"],"_links":{"self":[{"href":"https:\/\/sertv.gob.pa\/crisolfm\/wp-json\/wp\/v2\/posts\/20105","targetHints":{"allow":["GET"]}}],"collection":[{"href":"https:\/\/sertv.gob.pa\/crisolfm\/wp-json\/wp\/v2\/posts"}],"about":[{"href":"https:\/\/sertv.gob.pa\/crisolfm\/wp-json\/wp\/v2\/types\/post"}],"author":[{"embeddable":true,"href":"https:\/\/sertv.gob.pa\/crisolfm\/wp-json\/wp\/v2\/users\/64"}],"replies":[{"embeddable":true,"href":"https:\/\/sertv.gob.pa\/crisolfm\/wp-json\/wp\/v2\/comments?post=20105"}],"version-history":[{"count":1,"href":"https:\/\/sertv.gob.pa\/crisolfm\/wp-json\/wp\/v2\/posts\/20105\/revisions"}],"predecessor-version":[{"id":20107,"href":"https:\/\/sertv.gob.pa\/crisolfm\/wp-json\/wp\/v2\/posts\/20105\/revisions\/20107"}],"wp:featuredmedia":[{"embeddable":true,"href":"https:\/\/sertv.gob.pa\/crisolfm\/wp-json\/wp\/v2\/media\/20106"}],"wp:attachment":[{"href":"https:\/\/sertv.gob.pa\/crisolfm\/wp-json\/wp\/v2\/media?parent=20105"}],"wp:term":[{"taxonomy":"category","embeddable":true,"href":"https:\/\/sertv.gob.pa\/crisolfm\/wp-json\/wp\/v2\/categories?post=20105"},{"taxonomy":"post_tag","embeddable":true,"href":"https:\/\/sertv.gob.pa\/crisolfm\/wp-json\/wp\/v2\/tags?post=20105"}],"curies":[{"name":"wp","href":"https:\/\/api.w.org\/{rel}","templated":true}]}}