{"id":20108,"date":"2019-05-22T14:10:05","date_gmt":"2019-05-22T14:10:05","guid":{"rendered":"https:\/\/sertv.gob.pa\/crisolfm\/?p=20108"},"modified":"2019-05-22T14:10:05","modified_gmt":"2019-05-22T14:10:05","slug":"entorno-de-la-torre-eiffel-sera-transformado-en-un-parque","status":"publish","type":"post","link":"https:\/\/sertv.gob.pa\/crisolfm\/entorno-de-la-torre-eiffel-sera-transformado-en-un-parque\/","title":{"rendered":"Entorno de la Torre Eiffel ser\u00e1 transformado en un parque"},"content":{"rendered":"<p>La zona de la Torre Eiffel ser\u00e1 convertida en un parque, anunci\u00f3 la alcald\u00eda de Par\u00eds al presentar el proyecto de reforma del lugar, obra de una arquitecta paisajista estadounidense. Este trabajo de renovaci\u00f3n, para el cual se hab\u00eda lanzado en 2018 un llamado a licitaci\u00f3n internacional, est\u00e1 previsto para antes de los Juegos Ol\u00edmpicos de 2024 que organizar\u00e1 la capital francesa. \u00abTenemos el objetivo de una zona peatonal muy vasta\u00bb, subray\u00f3 el martes la alcaldesa de Par\u00eds, Anne Hidalgo. \u00abVamos a tener un jard\u00edn extraordinario para volver a o\u00edr el canto de los p\u00e1jaros\u00bb.<\/p>\n<p>El proyecto de la arquitecta paisajista estadounidense Kathryn Gustafson, bautizado \u00abOne\u00bb, se impuso. Los veh\u00edculos ya no podr\u00e1n acceder al puente de Iena, que se volver\u00e1 peatonal con un acceso para los transportes p\u00fablicos y los medios de transportes blandos, como la bicicleta. El n\u00famero de carriles para los veh\u00edculos en la avenida Quai Branly pasar\u00e1 de cuatro a dos, con una zona cuyo l\u00edmite de velocidad ser\u00e1 de 20km\/h y en la que los peatones tendr\u00e1n prioridad.<\/p>\n<p>AFP<\/p>\n","protected":false},"excerpt":{"rendered":"<p>La zona de la Torre Eiffel ser\u00e1 convertida en un <a href=\"https:\/\/sertv.gob.pa\/crisolfm\/entorno-de-la-torre-eiffel-sera-transformado-en-un-parque\/\"> [&#8230;]<\/a><\/p>\n","protected":false},"author":64,"featured_media":20109,"comment_status":"closed","ping_status":"closed","sticky":false,"template":"","format":"standard","meta":{"footnotes":""},"categories":[6],"tags":[],"class_list":["post-20108","post","type-post","status-publish","format-standard","has-post-thumbnail","hentry","category-culturales"],"_links":{"self":[{"href":"https:\/\/sertv.gob.pa\/crisolfm\/wp-json\/wp\/v2\/posts\/20108","targetHints":{"allow":["GET"]}}],"collection":[{"href":"https:\/\/sertv.gob.pa\/crisolfm\/wp-json\/wp\/v2\/posts"}],"about":[{"href":"https:\/\/sertv.gob.pa\/crisolfm\/wp-json\/wp\/v2\/types\/post"}],"author":[{"embeddable":true,"href":"https:\/\/sertv.gob.pa\/crisolfm\/wp-json\/wp\/v2\/users\/64"}],"replies":[{"embeddable":true,"href":"https:\/\/sertv.gob.pa\/crisolfm\/wp-json\/wp\/v2\/comments?post=20108"}],"version-history":[{"count":1,"href":"https:\/\/sertv.gob.pa\/crisolfm\/wp-json\/wp\/v2\/posts\/20108\/revisions"}],"predecessor-version":[{"id":20110,"href":"https:\/\/sertv.gob.pa\/crisolfm\/wp-json\/wp\/v2\/posts\/20108\/revisions\/20110"}],"wp:featuredmedia":[{"embeddable":true,"href":"https:\/\/sertv.gob.pa\/crisolfm\/wp-json\/wp\/v2\/media\/20109"}],"wp:attachment":[{"href":"https:\/\/sertv.gob.pa\/crisolfm\/wp-json\/wp\/v2\/media?parent=20108"}],"wp:term":[{"taxonomy":"category","embeddable":true,"href":"https:\/\/sertv.gob.pa\/crisolfm\/wp-json\/wp\/v2\/categories?post=20108"},{"taxonomy":"post_tag","embeddable":true,"href":"https:\/\/sertv.gob.pa\/crisolfm\/wp-json\/wp\/v2\/tags?post=20108"}],"curies":[{"name":"wp","href":"https:\/\/api.w.org\/{rel}","templated":true}]}}