{"id":20123,"date":"2019-05-22T14:43:11","date_gmt":"2019-05-22T14:43:11","guid":{"rendered":"https:\/\/sertv.gob.pa\/crisolfm\/?p=20123"},"modified":"2019-05-22T14:43:11","modified_gmt":"2019-05-22T14:43:11","slug":"nueva-especie-de-dinosaurio-sauropodo-identificada-en-portugal","status":"publish","type":"post","link":"https:\/\/sertv.gob.pa\/crisolfm\/nueva-especie-de-dinosaurio-sauropodo-identificada-en-portugal\/","title":{"rendered":"Nueva especie de dinosaurio saur\u00f3podo identificada en Portugal"},"content":{"rendered":"<p><strong>Paleont\u00f3logos portugueses y espa\u00f1oles<\/strong> han identificado una nueva especie de dinosaurio saur\u00f3podo del Jur\u00e1sico Superior, al que han denominado &#8216;Oceanotitan dantasi&#8217;. La investigaci\u00f3n se bas\u00f3 en los restos \u00f3seos hallados en 1996 en las rocas sedimentarias que afloran en la zona costera de Praia de Valmit\u00e3o, en Lourinh\u00e3 (Portugal), una zona al norte de Lisboa conocida por su rico registro en f\u00f3siles de dinosaurios de hace unos 148 millones de a\u00f1os.<\/p>\n<p>El nuevo ejemplar pertenece <em>al conocido grupo de los saur\u00f3podos<\/em>, que se caracteriza por ser herb\u00edvoros con colas y cuellos largos que pudieron alcanzar dimensiones colosales. A pesar de que &#8216;Oceanotitan dantasi&#8217; representa una especie de tama\u00f1o medio, es una pieza clave en la comprensi\u00f3n de parte de la historia evolutiva de los saur\u00f3podos, reconoci\u00e9ndose como uno de los miembros m\u00e1s antiguos y primitivos de &#8216;Somphospondyli&#8217;, que ser\u00e1 uno de los grupos de dinosaurios saur\u00f3podos m\u00e1s diversificados posteriormente durante el periodo Cret\u00e1cico.<\/p>\n<p>El estudio internacional ha sido liderado por <strong>el investigador portugu\u00e9s Pedro Mocho<\/strong>, actualmente investigador del Instituto Dom Luiz de la Faculdade de Ci\u00eancias de la Universidade de Lisboa (Portugal), del Grupo de Biolog\u00eda Evolutiva de la UNED y de la Sociedade de Hist\u00f3ria Natural (Torres Vedras, Portugal), y ha contado con la colaboraci\u00f3n de Rafael Royo Torres, de la Fundaci\u00f3n Din\u00f3polis (Teruel, Espa\u00f1a), y con Francisco Ortega, investigador principal del Grupo de Biolog\u00eda Evolutiva de la UNED. El trabajo se ha publicado en &#8216;Journal of Vertebrate Paleontology&#8217;.<\/p>\n<p>ECOticias<\/p>\n","protected":false},"excerpt":{"rendered":"<p>Paleont\u00f3logos portugueses y espa\u00f1oles han identificado una nueva especie de <a href=\"https:\/\/sertv.gob.pa\/crisolfm\/nueva-especie-de-dinosaurio-sauropodo-identificada-en-portugal\/\"> [&#8230;]<\/a><\/p>\n","protected":false},"author":64,"featured_media":20125,"comment_status":"closed","ping_status":"closed","sticky":false,"template":"","format":"standard","meta":{"footnotes":""},"categories":[7],"tags":[],"class_list":["post-20123","post","type-post","status-publish","format-standard","has-post-thumbnail","hentry","category-ecologicas"],"_links":{"self":[{"href":"https:\/\/sertv.gob.pa\/crisolfm\/wp-json\/wp\/v2\/posts\/20123","targetHints":{"allow":["GET"]}}],"collection":[{"href":"https:\/\/sertv.gob.pa\/crisolfm\/wp-json\/wp\/v2\/posts"}],"about":[{"href":"https:\/\/sertv.gob.pa\/crisolfm\/wp-json\/wp\/v2\/types\/post"}],"author":[{"embeddable":true,"href":"https:\/\/sertv.gob.pa\/crisolfm\/wp-json\/wp\/v2\/users\/64"}],"replies":[{"embeddable":true,"href":"https:\/\/sertv.gob.pa\/crisolfm\/wp-json\/wp\/v2\/comments?post=20123"}],"version-history":[{"count":1,"href":"https:\/\/sertv.gob.pa\/crisolfm\/wp-json\/wp\/v2\/posts\/20123\/revisions"}],"predecessor-version":[{"id":20126,"href":"https:\/\/sertv.gob.pa\/crisolfm\/wp-json\/wp\/v2\/posts\/20123\/revisions\/20126"}],"wp:featuredmedia":[{"embeddable":true,"href":"https:\/\/sertv.gob.pa\/crisolfm\/wp-json\/wp\/v2\/media\/20125"}],"wp:attachment":[{"href":"https:\/\/sertv.gob.pa\/crisolfm\/wp-json\/wp\/v2\/media?parent=20123"}],"wp:term":[{"taxonomy":"category","embeddable":true,"href":"https:\/\/sertv.gob.pa\/crisolfm\/wp-json\/wp\/v2\/categories?post=20123"},{"taxonomy":"post_tag","embeddable":true,"href":"https:\/\/sertv.gob.pa\/crisolfm\/wp-json\/wp\/v2\/tags?post=20123"}],"curies":[{"name":"wp","href":"https:\/\/api.w.org\/{rel}","templated":true}]}}