{"id":20130,"date":"2019-05-23T13:37:14","date_gmt":"2019-05-23T13:37:14","guid":{"rendered":"https:\/\/sertv.gob.pa\/crisolfm\/?p=20130"},"modified":"2019-05-23T13:37:14","modified_gmt":"2019-05-23T13:37:14","slug":"ciudad-de-las-artes-sera-entregada-en-2021","status":"publish","type":"post","link":"https:\/\/sertv.gob.pa\/crisolfm\/ciudad-de-las-artes-sera-entregada-en-2021\/","title":{"rendered":"Ciudad de las Artes ser\u00e1 entregada en 2021"},"content":{"rendered":"<p>El proyecto de la Ciudad de las Artes en Llanos de Curund\u00fa, corregimiento de Anc\u00f3n, tiene un 30% de avance en lo que respecta a su construcci\u00f3n. Se trata de una de las obras \u201cinsignia\u201d en materia de proyectos de infraestructura que gestiona desde hace m\u00e1s de seis a\u00f1os el Instituto Nacional de Cultura (INAC).<\/p>\n<p>La construcci\u00f3n comenz\u00f3 su primera etapa el 23 de abril de 2013 y fue suspendida en noviembre de 2014, debido a problemas con el contratista, el Consorcio Omega, que finalmente abandon\u00f3 la obra. El INAC inform\u00f3 que luego de dos a\u00f1os de negociaciones con la empresa aseguradora del proyecto, ASSA, se lleg\u00f3 a un acuerdo para la reactivaci\u00f3n de la construcci\u00f3n con un nuevo contratista, la empresa Administradora de Proyectos de Construcci\u00f3n (Aprocosa). ASSA, a trav\u00e9s de su subcontratista Aprocosa, reanud\u00f3 las labores el 11 de octubre de 2018 y continuar\u00e1 la obra hasta su finalizaci\u00f3n, la cual se estima estar\u00e1 lista el primer semestre de 2021.<\/p>\n<p>Ciudad de las Artes contar\u00e1 con siete edificios, los cuales ser\u00e1n la sede del Ballet Nacional de Panam\u00e1, la Orquesta Sinf\u00f3nica Nacional y la Red Nacional de Orquestas y Coros Juveniles. Tambi\u00e9n albergar\u00e1 una biblioteca, cafeter\u00eda, salas de exhibiciones, un espacio para las artes pl\u00e1sticas, un teatro multifuncional para 400 personas, edificio de estacionamientos y estar\u00e1 la sede del C\u00edrculo de Escritores.<\/p>\n<p>&nbsp;<\/p>\n<p>&nbsp;<\/p>\n<p>&nbsp;<\/p>\n","protected":false},"excerpt":{"rendered":"<p>El proyecto de la Ciudad de las Artes en Llanos <a href=\"https:\/\/sertv.gob.pa\/crisolfm\/ciudad-de-las-artes-sera-entregada-en-2021\/\"> [&#8230;]<\/a><\/p>\n","protected":false},"author":64,"featured_media":20131,"comment_status":"closed","ping_status":"closed","sticky":false,"template":"","format":"standard","meta":{"footnotes":""},"categories":[6],"tags":[],"class_list":["post-20130","post","type-post","status-publish","format-standard","has-post-thumbnail","hentry","category-culturales"],"_links":{"self":[{"href":"https:\/\/sertv.gob.pa\/crisolfm\/wp-json\/wp\/v2\/posts\/20130","targetHints":{"allow":["GET"]}}],"collection":[{"href":"https:\/\/sertv.gob.pa\/crisolfm\/wp-json\/wp\/v2\/posts"}],"about":[{"href":"https:\/\/sertv.gob.pa\/crisolfm\/wp-json\/wp\/v2\/types\/post"}],"author":[{"embeddable":true,"href":"https:\/\/sertv.gob.pa\/crisolfm\/wp-json\/wp\/v2\/users\/64"}],"replies":[{"embeddable":true,"href":"https:\/\/sertv.gob.pa\/crisolfm\/wp-json\/wp\/v2\/comments?post=20130"}],"version-history":[{"count":1,"href":"https:\/\/sertv.gob.pa\/crisolfm\/wp-json\/wp\/v2\/posts\/20130\/revisions"}],"predecessor-version":[{"id":20132,"href":"https:\/\/sertv.gob.pa\/crisolfm\/wp-json\/wp\/v2\/posts\/20130\/revisions\/20132"}],"wp:featuredmedia":[{"embeddable":true,"href":"https:\/\/sertv.gob.pa\/crisolfm\/wp-json\/wp\/v2\/media\/20131"}],"wp:attachment":[{"href":"https:\/\/sertv.gob.pa\/crisolfm\/wp-json\/wp\/v2\/media?parent=20130"}],"wp:term":[{"taxonomy":"category","embeddable":true,"href":"https:\/\/sertv.gob.pa\/crisolfm\/wp-json\/wp\/v2\/categories?post=20130"},{"taxonomy":"post_tag","embeddable":true,"href":"https:\/\/sertv.gob.pa\/crisolfm\/wp-json\/wp\/v2\/tags?post=20130"}],"curies":[{"name":"wp","href":"https:\/\/api.w.org\/{rel}","templated":true}]}}