{"id":20139,"date":"2019-05-23T13:55:31","date_gmt":"2019-05-23T13:55:31","guid":{"rendered":"https:\/\/sertv.gob.pa\/crisolfm\/?p=20139"},"modified":"2019-05-23T13:55:31","modified_gmt":"2019-05-23T13:55:31","slug":"formacion-cultural-en-la-alianza-francesa-de-panama","status":"publish","type":"post","link":"https:\/\/sertv.gob.pa\/crisolfm\/formacion-cultural-en-la-alianza-francesa-de-panama\/","title":{"rendered":"Formaci\u00f3n cultural en la Alianza Francesa de Panam\u00e1"},"content":{"rendered":"<p>La Alianza Francesa de Panam\u00e1, en coordinaci\u00f3n con la asociaci\u00f3n Trias Culture, invita a participar en el taller \u2018Metodolog\u00edas art\u00edsticas en la era del Internet&#8217;, dictado por el artista colombiano Juan Pablo Pacheco y la fundadora de ArtBox Digital, Mar\u00eda Luisa Angulo, hoy a las 3:00 de la tarde.<\/p>\n<p>Los interesados podr\u00e1n separar sus cupos a trav\u00e9s de \u2018reservacionafpanama@gmail.com&#8217;. Adem\u00e1s, los expositores efectuar\u00e1n una visita guiada a la exposici\u00f3n ArtBox Digital en la Alianza Francesa. La entrada es abierta a todo p\u00fablico.<\/p>\n<p>&nbsp;<\/p>\n<p>&nbsp;<\/p>\n","protected":false},"excerpt":{"rendered":"<p>La Alianza Francesa de Panam\u00e1, en coordinaci\u00f3n con la asociaci\u00f3n <a href=\"https:\/\/sertv.gob.pa\/crisolfm\/formacion-cultural-en-la-alianza-francesa-de-panama\/\"> [&#8230;]<\/a><\/p>\n","protected":false},"author":64,"featured_media":20140,"comment_status":"closed","ping_status":"closed","sticky":false,"template":"","format":"standard","meta":{"footnotes":""},"categories":[6],"tags":[],"class_list":["post-20139","post","type-post","status-publish","format-standard","has-post-thumbnail","hentry","category-culturales"],"_links":{"self":[{"href":"https:\/\/sertv.gob.pa\/crisolfm\/wp-json\/wp\/v2\/posts\/20139","targetHints":{"allow":["GET"]}}],"collection":[{"href":"https:\/\/sertv.gob.pa\/crisolfm\/wp-json\/wp\/v2\/posts"}],"about":[{"href":"https:\/\/sertv.gob.pa\/crisolfm\/wp-json\/wp\/v2\/types\/post"}],"author":[{"embeddable":true,"href":"https:\/\/sertv.gob.pa\/crisolfm\/wp-json\/wp\/v2\/users\/64"}],"replies":[{"embeddable":true,"href":"https:\/\/sertv.gob.pa\/crisolfm\/wp-json\/wp\/v2\/comments?post=20139"}],"version-history":[{"count":1,"href":"https:\/\/sertv.gob.pa\/crisolfm\/wp-json\/wp\/v2\/posts\/20139\/revisions"}],"predecessor-version":[{"id":20141,"href":"https:\/\/sertv.gob.pa\/crisolfm\/wp-json\/wp\/v2\/posts\/20139\/revisions\/20141"}],"wp:featuredmedia":[{"embeddable":true,"href":"https:\/\/sertv.gob.pa\/crisolfm\/wp-json\/wp\/v2\/media\/20140"}],"wp:attachment":[{"href":"https:\/\/sertv.gob.pa\/crisolfm\/wp-json\/wp\/v2\/media?parent=20139"}],"wp:term":[{"taxonomy":"category","embeddable":true,"href":"https:\/\/sertv.gob.pa\/crisolfm\/wp-json\/wp\/v2\/categories?post=20139"},{"taxonomy":"post_tag","embeddable":true,"href":"https:\/\/sertv.gob.pa\/crisolfm\/wp-json\/wp\/v2\/tags?post=20139"}],"curies":[{"name":"wp","href":"https:\/\/api.w.org\/{rel}","templated":true}]}}