{"id":20210,"date":"2019-05-24T15:32:23","date_gmt":"2019-05-24T15:32:23","guid":{"rendered":"https:\/\/sertv.gob.pa\/crisolfm\/?p=20210"},"modified":"2019-05-24T15:32:23","modified_gmt":"2019-05-24T15:32:23","slug":"mortandad-de-aves-en-costa-panamena-es-alarmante","status":"publish","type":"post","link":"https:\/\/sertv.gob.pa\/crisolfm\/mortandad-de-aves-en-costa-panamena-es-alarmante\/","title":{"rendered":"Mortandad de aves en costa paname\u00f1a es alarmante"},"content":{"rendered":"<p>En las \u00faltimas semanas los residentes del \u00e1rea de Costa del Este y transe\u00fantes del Corredor Sur han denunciado la alta mortandad de aves que se ha registrado en el sector. Pero, a la fecha, las autoridades todav\u00eda no dan con la raz\u00f3n de este fen\u00f3meno.<\/p>\n<p>El Ministro de Ambiente, Emilio Sempris, revel\u00f3 que \u201ctenemos un equipo de veterinarios que est\u00e1 haciendo la investigaci\u00f3n para poder emitir un criterio. Adem\u00e1s, estamos estudiando la posibilidad de que la mortandad de peces por la marea roja haya afectado igualmente a las aves\u201d. No obstante, Sempris se\u00f1al\u00f3 que \u201cpara que los p\u00e1jaros se viesen afectados por el fen\u00f3meno de la marea roja, debieron consumir un gran volumen de peces\u201d.<\/p>\n<p>Por su parte, el bi\u00f3logo David Robinson dijo que pueden incidir muchas variables como \u201cel hecho de que Costa del Este en el pasado era un vertedero, deben investigar si hay contaminaci\u00f3n en el \u00e1rea. Incluso, por la alta cantidad de muertes, puede ser que alguien haya tirado desperdicios t\u00f3xicos en la zona, pero no se puede asegurar hasta que se hagan las investigaciones pertinentes\u201d.<\/p>\n<p>&nbsp;<\/p>\n","protected":false},"excerpt":{"rendered":"<p>En las \u00faltimas semanas los residentes del \u00e1rea de Costa <a href=\"https:\/\/sertv.gob.pa\/crisolfm\/mortandad-de-aves-en-costa-panamena-es-alarmante\/\"> [&#8230;]<\/a><\/p>\n","protected":false},"author":64,"featured_media":20211,"comment_status":"closed","ping_status":"closed","sticky":false,"template":"","format":"standard","meta":{"footnotes":""},"categories":[7],"tags":[],"class_list":["post-20210","post","type-post","status-publish","format-standard","has-post-thumbnail","hentry","category-ecologicas"],"_links":{"self":[{"href":"https:\/\/sertv.gob.pa\/crisolfm\/wp-json\/wp\/v2\/posts\/20210","targetHints":{"allow":["GET"]}}],"collection":[{"href":"https:\/\/sertv.gob.pa\/crisolfm\/wp-json\/wp\/v2\/posts"}],"about":[{"href":"https:\/\/sertv.gob.pa\/crisolfm\/wp-json\/wp\/v2\/types\/post"}],"author":[{"embeddable":true,"href":"https:\/\/sertv.gob.pa\/crisolfm\/wp-json\/wp\/v2\/users\/64"}],"replies":[{"embeddable":true,"href":"https:\/\/sertv.gob.pa\/crisolfm\/wp-json\/wp\/v2\/comments?post=20210"}],"version-history":[{"count":1,"href":"https:\/\/sertv.gob.pa\/crisolfm\/wp-json\/wp\/v2\/posts\/20210\/revisions"}],"predecessor-version":[{"id":20212,"href":"https:\/\/sertv.gob.pa\/crisolfm\/wp-json\/wp\/v2\/posts\/20210\/revisions\/20212"}],"wp:featuredmedia":[{"embeddable":true,"href":"https:\/\/sertv.gob.pa\/crisolfm\/wp-json\/wp\/v2\/media\/20211"}],"wp:attachment":[{"href":"https:\/\/sertv.gob.pa\/crisolfm\/wp-json\/wp\/v2\/media?parent=20210"}],"wp:term":[{"taxonomy":"category","embeddable":true,"href":"https:\/\/sertv.gob.pa\/crisolfm\/wp-json\/wp\/v2\/categories?post=20210"},{"taxonomy":"post_tag","embeddable":true,"href":"https:\/\/sertv.gob.pa\/crisolfm\/wp-json\/wp\/v2\/tags?post=20210"}],"curies":[{"name":"wp","href":"https:\/\/api.w.org\/{rel}","templated":true}]}}