{"id":20216,"date":"2019-05-27T13:46:18","date_gmt":"2019-05-27T13:46:18","guid":{"rendered":"https:\/\/sertv.gob.pa\/crisolfm\/?p=20216"},"modified":"2019-05-27T13:46:18","modified_gmt":"2019-05-27T13:46:18","slug":"fuerte-sismo-en-peru-deja-al-menos-un-muerto-y-varios-heridos","status":"publish","type":"post","link":"https:\/\/sertv.gob.pa\/crisolfm\/fuerte-sismo-en-peru-deja-al-menos-un-muerto-y-varios-heridos\/","title":{"rendered":"Fuerte sismo en Per\u00fa deja al menos un muerto y varios heridos"},"content":{"rendered":"<p>Un fuerte sismo de magnitud 8 sacudi\u00f3 la madrugada del domingo la regi\u00f3n selv\u00e1tica de Per\u00fa, con saldo de <strong>un muerto, 11 heridos<\/strong>, en tanto caus\u00f3 el colapso de viviendas e infraestructuras.<\/p>\n<p>\u00abTenemos reportado la muerte de una persona por la ca\u00edda de una roca en su vivienda en el distrito del Huarango en la regi\u00f3n Cajamarca\u00bb, dijo a la radio RPP Ricardo Seijas, Coordinador de Defensa Civil. El fallecido, <strong>Danilo Mu\u00f1oz, de 48 a\u00f1os, se encontraba durmiendo en su casa a la hora del sismo <\/strong>en el distrito de Huarango. El funcionario detall\u00f3 que luego de seis horas de monitoreo se reportan <strong>11 heridos, 51 familias damnificadas, 53 viviendas inhabitables y cinco colegios afectados.<\/strong><\/p>\n<p>El epicentro del sismo, de magnitud 8 seg\u00fan el Instituto Geol\u00f3gico de Estados Unidos (USGS) y de 7,5 de acuerdo con el Instituto Geof\u00edsico del Per\u00fa (IGP), se produjo a las 02H42 locales (07H41 GMT) unos 70 kil\u00f3metros al sureste de Lagunas, en el norte de Per\u00fa, a 110 km de profundidad seg\u00fan la primera fuente y a 141 km de acuerdo con la segunda.<\/p>\n<p>El Universo<\/p>\n<p>&nbsp;<\/p>\n","protected":false},"excerpt":{"rendered":"<p>Un fuerte sismo de magnitud 8 sacudi\u00f3 la madrugada del <a href=\"https:\/\/sertv.gob.pa\/crisolfm\/fuerte-sismo-en-peru-deja-al-menos-un-muerto-y-varios-heridos\/\"> [&#8230;]<\/a><\/p>\n","protected":false},"author":64,"featured_media":20217,"comment_status":"closed","ping_status":"closed","sticky":false,"template":"","format":"standard","meta":{"footnotes":""},"categories":[7],"tags":[],"class_list":["post-20216","post","type-post","status-publish","format-standard","has-post-thumbnail","hentry","category-ecologicas"],"_links":{"self":[{"href":"https:\/\/sertv.gob.pa\/crisolfm\/wp-json\/wp\/v2\/posts\/20216","targetHints":{"allow":["GET"]}}],"collection":[{"href":"https:\/\/sertv.gob.pa\/crisolfm\/wp-json\/wp\/v2\/posts"}],"about":[{"href":"https:\/\/sertv.gob.pa\/crisolfm\/wp-json\/wp\/v2\/types\/post"}],"author":[{"embeddable":true,"href":"https:\/\/sertv.gob.pa\/crisolfm\/wp-json\/wp\/v2\/users\/64"}],"replies":[{"embeddable":true,"href":"https:\/\/sertv.gob.pa\/crisolfm\/wp-json\/wp\/v2\/comments?post=20216"}],"version-history":[{"count":1,"href":"https:\/\/sertv.gob.pa\/crisolfm\/wp-json\/wp\/v2\/posts\/20216\/revisions"}],"predecessor-version":[{"id":20218,"href":"https:\/\/sertv.gob.pa\/crisolfm\/wp-json\/wp\/v2\/posts\/20216\/revisions\/20218"}],"wp:featuredmedia":[{"embeddable":true,"href":"https:\/\/sertv.gob.pa\/crisolfm\/wp-json\/wp\/v2\/media\/20217"}],"wp:attachment":[{"href":"https:\/\/sertv.gob.pa\/crisolfm\/wp-json\/wp\/v2\/media?parent=20216"}],"wp:term":[{"taxonomy":"category","embeddable":true,"href":"https:\/\/sertv.gob.pa\/crisolfm\/wp-json\/wp\/v2\/categories?post=20216"},{"taxonomy":"post_tag","embeddable":true,"href":"https:\/\/sertv.gob.pa\/crisolfm\/wp-json\/wp\/v2\/tags?post=20216"}],"curies":[{"name":"wp","href":"https:\/\/api.w.org\/{rel}","templated":true}]}}