{"id":20222,"date":"2019-05-27T13:57:17","date_gmt":"2019-05-27T13:57:17","guid":{"rendered":"https:\/\/sertv.gob.pa\/crisolfm\/?p=20222"},"modified":"2019-05-27T13:57:17","modified_gmt":"2019-05-27T13:57:17","slug":"taller-de-comics-para-ninos-en-casa-cultural","status":"publish","type":"post","link":"https:\/\/sertv.gob.pa\/crisolfm\/taller-de-comics-para-ninos-en-casa-cultural\/","title":{"rendered":"Taller de c\u00f3mics para ni\u00f1os en Casa Cultural"},"content":{"rendered":"<p>Huellas, Casa Cultural llevar\u00e1 a cabo un taller de c\u00f3mics para ni\u00f1os de 9 y 14 a\u00f1os. El encuentro incluye clases sobre figura, rostros humanos, teor\u00eda del color, historia, narrativa audiovisual, desarrollo de personajes y entornos.<\/p>\n<p>Las clases comenzar\u00e1n el 1 y se extender\u00e1n hasta el 29 de junio de 2019, en horario de 10:00 de la ma\u00f1ana hasta las 12:00 del mediod\u00eda. El curso tiene un valor de $120. Para mayor informaci\u00f3n, contactar al 265-8706 \u00f3 6023-6197.<\/p>\n<p>&nbsp;<\/p>\n","protected":false},"excerpt":{"rendered":"<p>Huellas, Casa Cultural llevar\u00e1 a cabo un taller de c\u00f3mics <a href=\"https:\/\/sertv.gob.pa\/crisolfm\/taller-de-comics-para-ninos-en-casa-cultural\/\"> [&#8230;]<\/a><\/p>\n","protected":false},"author":64,"featured_media":20223,"comment_status":"closed","ping_status":"closed","sticky":false,"template":"","format":"standard","meta":{"footnotes":""},"categories":[6],"tags":[],"class_list":["post-20222","post","type-post","status-publish","format-standard","has-post-thumbnail","hentry","category-culturales"],"_links":{"self":[{"href":"https:\/\/sertv.gob.pa\/crisolfm\/wp-json\/wp\/v2\/posts\/20222","targetHints":{"allow":["GET"]}}],"collection":[{"href":"https:\/\/sertv.gob.pa\/crisolfm\/wp-json\/wp\/v2\/posts"}],"about":[{"href":"https:\/\/sertv.gob.pa\/crisolfm\/wp-json\/wp\/v2\/types\/post"}],"author":[{"embeddable":true,"href":"https:\/\/sertv.gob.pa\/crisolfm\/wp-json\/wp\/v2\/users\/64"}],"replies":[{"embeddable":true,"href":"https:\/\/sertv.gob.pa\/crisolfm\/wp-json\/wp\/v2\/comments?post=20222"}],"version-history":[{"count":1,"href":"https:\/\/sertv.gob.pa\/crisolfm\/wp-json\/wp\/v2\/posts\/20222\/revisions"}],"predecessor-version":[{"id":20224,"href":"https:\/\/sertv.gob.pa\/crisolfm\/wp-json\/wp\/v2\/posts\/20222\/revisions\/20224"}],"wp:featuredmedia":[{"embeddable":true,"href":"https:\/\/sertv.gob.pa\/crisolfm\/wp-json\/wp\/v2\/media\/20223"}],"wp:attachment":[{"href":"https:\/\/sertv.gob.pa\/crisolfm\/wp-json\/wp\/v2\/media?parent=20222"}],"wp:term":[{"taxonomy":"category","embeddable":true,"href":"https:\/\/sertv.gob.pa\/crisolfm\/wp-json\/wp\/v2\/categories?post=20222"},{"taxonomy":"post_tag","embeddable":true,"href":"https:\/\/sertv.gob.pa\/crisolfm\/wp-json\/wp\/v2\/tags?post=20222"}],"curies":[{"name":"wp","href":"https:\/\/api.w.org\/{rel}","templated":true}]}}