{"id":20225,"date":"2019-05-27T14:05:00","date_gmt":"2019-05-27T14:05:00","guid":{"rendered":"https:\/\/sertv.gob.pa\/crisolfm\/?p=20225"},"modified":"2019-05-27T14:05:00","modified_gmt":"2019-05-27T14:05:00","slug":"500-anos-de-la-muerte-de-leonardo-da-vinci","status":"publish","type":"post","link":"https:\/\/sertv.gob.pa\/crisolfm\/500-anos-de-la-muerte-de-leonardo-da-vinci\/","title":{"rendered":"500 a\u00f1os de la muerte de Leonardo Da Vinci"},"content":{"rendered":"<p>La Universidad de Panam\u00e1 y el Museo de Arte Contempor\u00e1neo de Panam\u00e1 (MAC) presentan la conferencia \u2018La vida de Leonardo Da Vinci&#8217;, en conmemoraci\u00f3n de los 500 a\u00f1os del fallecimiento del pintor italiano. Aristides Ure\u00f1a Ramos, artista pl\u00e1stico, dictar\u00e1 la charla la cual est\u00e1 dirigida, especialmente, a estudiantes y amantes de las Bellas Artes. El maestro paname\u00f1o pretende desmenuzar la obra y vida del genio del Renacimiento.<\/p>\n<p>La cita es ma\u00f1ana martes, a las 11:00 de la ma\u00f1ana, en el auditorio 103 de la Escuela de Artes Visuales, en el domo de Curund\u00fa.<\/p>\n<p>&nbsp;<\/p>\n","protected":false},"excerpt":{"rendered":"<p>La Universidad de Panam\u00e1 y el Museo de Arte Contempor\u00e1neo <a href=\"https:\/\/sertv.gob.pa\/crisolfm\/500-anos-de-la-muerte-de-leonardo-da-vinci\/\"> [&#8230;]<\/a><\/p>\n","protected":false},"author":64,"featured_media":20227,"comment_status":"closed","ping_status":"closed","sticky":false,"template":"","format":"standard","meta":{"footnotes":""},"categories":[6],"tags":[],"class_list":["post-20225","post","type-post","status-publish","format-standard","has-post-thumbnail","hentry","category-culturales"],"_links":{"self":[{"href":"https:\/\/sertv.gob.pa\/crisolfm\/wp-json\/wp\/v2\/posts\/20225","targetHints":{"allow":["GET"]}}],"collection":[{"href":"https:\/\/sertv.gob.pa\/crisolfm\/wp-json\/wp\/v2\/posts"}],"about":[{"href":"https:\/\/sertv.gob.pa\/crisolfm\/wp-json\/wp\/v2\/types\/post"}],"author":[{"embeddable":true,"href":"https:\/\/sertv.gob.pa\/crisolfm\/wp-json\/wp\/v2\/users\/64"}],"replies":[{"embeddable":true,"href":"https:\/\/sertv.gob.pa\/crisolfm\/wp-json\/wp\/v2\/comments?post=20225"}],"version-history":[{"count":1,"href":"https:\/\/sertv.gob.pa\/crisolfm\/wp-json\/wp\/v2\/posts\/20225\/revisions"}],"predecessor-version":[{"id":20228,"href":"https:\/\/sertv.gob.pa\/crisolfm\/wp-json\/wp\/v2\/posts\/20225\/revisions\/20228"}],"wp:featuredmedia":[{"embeddable":true,"href":"https:\/\/sertv.gob.pa\/crisolfm\/wp-json\/wp\/v2\/media\/20227"}],"wp:attachment":[{"href":"https:\/\/sertv.gob.pa\/crisolfm\/wp-json\/wp\/v2\/media?parent=20225"}],"wp:term":[{"taxonomy":"category","embeddable":true,"href":"https:\/\/sertv.gob.pa\/crisolfm\/wp-json\/wp\/v2\/categories?post=20225"},{"taxonomy":"post_tag","embeddable":true,"href":"https:\/\/sertv.gob.pa\/crisolfm\/wp-json\/wp\/v2\/tags?post=20225"}],"curies":[{"name":"wp","href":"https:\/\/api.w.org\/{rel}","templated":true}]}}