{"id":20230,"date":"2019-05-27T16:15:32","date_gmt":"2019-05-27T16:15:32","guid":{"rendered":"https:\/\/sertv.gob.pa\/crisolfm\/?p=20230"},"modified":"2019-05-27T16:15:32","modified_gmt":"2019-05-27T16:15:32","slug":"en-china-fue-avistado-un-raro-ejemplar-de-oso-panda","status":"publish","type":"post","link":"https:\/\/sertv.gob.pa\/crisolfm\/en-china-fue-avistado-un-raro-ejemplar-de-oso-panda\/","title":{"rendered":"En China fue avistado un raro ejemplar de oso panda"},"content":{"rendered":"<p>Un raro ejemplar de oso panda completamente blanco fue fotografiado en una reserva natural en el suroeste de China, lo que demuestra que el albinismo existe entre los pandas en libertad en la regi\u00f3n, inform\u00f3 un medio de prensa estatal. El inmaculado animal, con los ojos rojizos, fue fotografiado en un bosque a mediados de abril en la provincia de Sichuan, inform\u00f3 la agencia de prensa Xinhua el s\u00e1bado.<\/p>\n<p>Se trata de un ejemplar albino de entre uno y dos a\u00f1os, dijo Li Sheng, un investigador especialista en osos de la Universidad de Pek\u00edn, citado por Xinhua. La Reserva Natural Nacional de Wolong, donde fue visto el animal, dijo a la AFP que no ten\u00eda m\u00e1s detalles sobre el panda albino.<\/p>\n<p>&nbsp;<\/p>\n<p>AFP<\/p>\n","protected":false},"excerpt":{"rendered":"<p>Un raro ejemplar de oso panda completamente blanco fue fotografiado <a href=\"https:\/\/sertv.gob.pa\/crisolfm\/en-china-fue-avistado-un-raro-ejemplar-de-oso-panda\/\"> [&#8230;]<\/a><\/p>\n","protected":false},"author":64,"featured_media":20231,"comment_status":"closed","ping_status":"closed","sticky":false,"template":"","format":"standard","meta":{"footnotes":""},"categories":[7],"tags":[],"class_list":["post-20230","post","type-post","status-publish","format-standard","has-post-thumbnail","hentry","category-ecologicas"],"_links":{"self":[{"href":"https:\/\/sertv.gob.pa\/crisolfm\/wp-json\/wp\/v2\/posts\/20230","targetHints":{"allow":["GET"]}}],"collection":[{"href":"https:\/\/sertv.gob.pa\/crisolfm\/wp-json\/wp\/v2\/posts"}],"about":[{"href":"https:\/\/sertv.gob.pa\/crisolfm\/wp-json\/wp\/v2\/types\/post"}],"author":[{"embeddable":true,"href":"https:\/\/sertv.gob.pa\/crisolfm\/wp-json\/wp\/v2\/users\/64"}],"replies":[{"embeddable":true,"href":"https:\/\/sertv.gob.pa\/crisolfm\/wp-json\/wp\/v2\/comments?post=20230"}],"version-history":[{"count":1,"href":"https:\/\/sertv.gob.pa\/crisolfm\/wp-json\/wp\/v2\/posts\/20230\/revisions"}],"predecessor-version":[{"id":20232,"href":"https:\/\/sertv.gob.pa\/crisolfm\/wp-json\/wp\/v2\/posts\/20230\/revisions\/20232"}],"wp:featuredmedia":[{"embeddable":true,"href":"https:\/\/sertv.gob.pa\/crisolfm\/wp-json\/wp\/v2\/media\/20231"}],"wp:attachment":[{"href":"https:\/\/sertv.gob.pa\/crisolfm\/wp-json\/wp\/v2\/media?parent=20230"}],"wp:term":[{"taxonomy":"category","embeddable":true,"href":"https:\/\/sertv.gob.pa\/crisolfm\/wp-json\/wp\/v2\/categories?post=20230"},{"taxonomy":"post_tag","embeddable":true,"href":"https:\/\/sertv.gob.pa\/crisolfm\/wp-json\/wp\/v2\/tags?post=20230"}],"curies":[{"name":"wp","href":"https:\/\/api.w.org\/{rel}","templated":true}]}}